{"id":5285,"date":"2023-08-15T15:04:35","date_gmt":"2023-08-15T14:04:35","guid":{"rendered":"https:\/\/www.fz-rauenspurg.de\/?p=5285"},"modified":"2023-10-30T15:08:48","modified_gmt":"2023-10-30T14:08:48","slug":"rutenfest-2k23","status":"publish","type":"post","link":"https:\/\/www.fz-rauenspurg.de\/en\/rutenfest-2k23\/","title":{"rendered":"Rutenfest 2023"},"content":{"rendered":"<p>Willkommen uns, Du Tag der Freude!<br \/>An f\u00fcnf Tagen zogen die Aktiven in und um Ravensburg umher und trommelten bei knapp 200 Adressen an. Wir danken allen Gastgeberinnen und Gastgebern die uns am Rutenfest 2023 unterst\u00fctzt haben.<\/p>\n\n\n\n<p>Insgesamt 6 neue Aktive, die \u201cF\u00fcchse\u201c erlebten ein ganz besonderes Rutenfest. Wir freuen uns<br \/>Aaron Grenz, Luca Riedel, Philipp Weigle, Mike Schellinger, Pascal Kieferle und Massimo Leotta in den Reihen der Aktiven begr\u00fc\u00dfen zu d\u00fcrfen.<\/p>\n\n\n\n<p>4 Rauenspurger mussten am Rutenvergraben verabschiedet werden. Felix St\u00fcrmer, Florian &#8222;Wayne&#8220; Wimmer, Alexander H\u00f6\u00df und Marcel Belser haben ihre Aktivenzeit beendet. DANKE f\u00fcr euer langj\u00e4hriges Engagement, eure Treue und euren Einsatz. Wir w\u00fcnschen euch alles Gute f\u00fcr die Zukunft<\/p>\n\n\n\n<p>F\u00fcr uns geht es jetzt bis September in die wohlverdiente Sommerpause.<\/p>","protected":false},"excerpt":{"rendered":"<p>Willkommen uns, Du Tag der Freude!<br \/>\nAn f\u00fcnf Tagen zogen die Aktiven in und um Ravensburg umher und trommelten bei knapp 200 Adressen an. Wir danken allen Gastgeberinnen und Gastgebern die uns am Rutenfest 2023 unterst\u00fctzt haben.<\/p>","protected":false},"author":6,"featured_media":4183,"comment_status":"closed","ping_status":"open","sticky":false,"template":"","format":"standard","meta":{"_jetpack_newsletter_access":"","_jetpack_dont_email_post_to_subs":false,"_jetpack_newsletter_tier_id":0,"_jetpack_memberships_contains_paywalled_content":false,"_jetpack_memberships_contains_paid_content":false,"footnotes":""},"categories":[1],"tags":[],"class_list":["post-5285","post","type-post","status-publish","format-standard","has-post-thumbnail","hentry","category-allgemein"],"blocksy_meta":[],"featured_image_urls_v2":{"full":["https:\/\/i0.wp.com\/www.fz-rauenspurg.de\/wp-content\/uploads\/2020\/08\/Gruppenbild_FZR-scaled.jpg?fit=2560%2C1876&ssl=1",2560,1876,false],"thumbnail":["https:\/\/i0.wp.com\/www.fz-rauenspurg.de\/wp-content\/uploads\/2020\/08\/Gruppenbild_FZR-scaled.jpg?resize=150%2C150&ssl=1",150,150,true],"medium":["https:\/\/i0.wp.com\/www.fz-rauenspurg.de\/wp-content\/uploads\/2020\/08\/Gruppenbild_FZR-scaled.jpg?fit=300%2C220&ssl=1",300,220,true],"medium_large":["https:\/\/i0.wp.com\/www.fz-rauenspurg.de\/wp-content\/uploads\/2020\/08\/Gruppenbild_FZR-scaled.jpg?fit=768%2C563&ssl=1",768,563,true],"large":["https:\/\/i0.wp.com\/www.fz-rauenspurg.de\/wp-content\/uploads\/2020\/08\/Gruppenbild_FZR-scaled.jpg?fit=1024%2C750&ssl=1",1024,750,true],"timeline-express":["https:\/\/i0.wp.com\/www.fz-rauenspurg.de\/wp-content\/uploads\/2020\/08\/Gruppenbild_FZR-scaled.jpg?resize=350%2C120&ssl=1",350,120,true],"timeline-express-thumbnail":["https:\/\/i0.wp.com\/www.fz-rauenspurg.de\/wp-content\/uploads\/2020\/08\/Gruppenbild_FZR-scaled.jpg?resize=200%2C120&ssl=1",200,120,true],"1536x1536":["https:\/\/i0.wp.com\/www.fz-rauenspurg.de\/wp-content\/uploads\/2020\/08\/Gruppenbild_FZR-scaled.jpg?fit=1536%2C1125&ssl=1",1536,1125,true],"2048x2048":["https:\/\/i0.wp.com\/www.fz-rauenspurg.de\/wp-content\/uploads\/2020\/08\/Gruppenbild_FZR-scaled.jpg?fit=2048%2C1501&ssl=1",2048,1501,true],"trp-custom-language-flag":["https:\/\/i0.wp.com\/www.fz-rauenspurg.de\/wp-content\/uploads\/2020\/08\/Gruppenbild_FZR-scaled.jpg?fit=16%2C12&ssl=1",16,12,true],"sow-carousel-default":["https:\/\/i0.wp.com\/www.fz-rauenspurg.de\/wp-content\/uploads\/2020\/08\/Gruppenbild_FZR-scaled.jpg?resize=272%2C182&ssl=1",272,182,true]},"post_excerpt_stackable_v2":"<p>Willkommen uns, Du Tag der Freude!<br \/>\nAn f\u00fcnf Tagen zogen die Aktiven in und um Ravensburg umher und trommelten bei knapp 200 Adressen an. Wir danken allen Gastgeberinnen und Gastgebern die uns am Rutenfest 2023 unterst\u00fctzt haben.<\/p>\n","category_list_v2":"<a href=\"https:\/\/www.fz-rauenspurg.de\/en\/allgemein\/\" rel=\"category tag\">Allgemein<\/a>","author_info_v2":{"name":"Lukas","url":"https:\/\/www.fz-rauenspurg.de\/en\/author\/lukasmueller\/"},"comments_num_v2":"0 comments","yoast_head":"<!-- This site is optimized with the Yoast SEO plugin v27.5 - https:\/\/yoast.com\/product\/yoast-seo-wordpress\/ -->\n<title>Rutenfest 2023 &#8226; Fanfarenzug Rauenspurg e.V.<\/title>\n<meta name=\"description\" content=\"Willkommen uns, Du Tag der Freude!An f\u00fcnf Tagen zogen die Aktiven in und um Ravensburg umher und trommelten bei knapp 200 Adressen an. Wir danken allen Gastgeberinnen und Gastgebern die uns am Rutenfest 2023 unterst\u00fctzt haben.\" \/>\n<meta name=\"robots\" content=\"noindex, follow\" \/>\n<meta property=\"og:locale\" content=\"en_US\" \/>\n<meta property=\"og:type\" content=\"article\" \/>\n<meta property=\"og:title\" content=\"Rutenfest 2023 &#8226; Fanfarenzug Rauenspurg e.V.\" \/>\n<meta property=\"og:description\" content=\"Willkommen uns, Du Tag der Freude!An f\u00fcnf Tagen zogen die Aktiven in und um Ravensburg umher und trommelten bei knapp 200 Adressen an. Wir danken allen Gastgeberinnen und Gastgebern die uns am Rutenfest 2023 unterst\u00fctzt haben.\" \/>\n<meta property=\"og:url\" content=\"https:\/\/www.fz-rauenspurg.de\/en\/rutenfest-2k23\/\" \/>\n<meta property=\"og:site_name\" content=\"Fanfarenzug Rauenspurg e.V.\" \/>\n<meta property=\"article:publisher\" content=\"http:\/\/www.facebook.com\/fanfarenzug.rauenspurg.e.v.\" \/>\n<meta property=\"article:published_time\" content=\"2023-08-15T14:04:35+00:00\" \/>\n<meta property=\"article:modified_time\" content=\"2023-10-30T14:08:48+00:00\" \/>\n<meta property=\"og:image\" content=\"https:\/\/www.fz-rauenspurg.de\/wp-content\/uploads\/2020\/08\/Gruppenbild_FZR-scaled.jpg\" \/>\n\t<meta property=\"og:image:width\" content=\"2560\" \/>\n\t<meta property=\"og:image:height\" content=\"1876\" \/>\n\t<meta property=\"og:image:type\" content=\"image\/jpeg\" \/>\n<meta name=\"author\" content=\"Lukas\" \/>\n<meta name=\"twitter:card\" content=\"summary_large_image\" \/>\n<meta name=\"twitter:creator\" content=\"@rauenspurg\" \/>\n<meta name=\"twitter:site\" content=\"@rauenspurg\" \/>\n<meta name=\"twitter:label1\" content=\"Written by\" \/>\n\t<meta name=\"twitter:data1\" content=\"Lukas\" \/>\n\t<meta name=\"twitter:label2\" content=\"Est. reading time\" \/>\n\t<meta name=\"twitter:data2\" content=\"1 minute\" \/>\n<script type=\"application\/ld+json\" class=\"yoast-schema-graph\">{\"@context\":\"https:\\\/\\\/schema.org\",\"@graph\":[{\"@type\":\"Article\",\"@id\":\"https:\\\/\\\/www.fz-rauenspurg.de\\\/rutenfest-2k23\\\/#article\",\"isPartOf\":{\"@id\":\"https:\\\/\\\/www.fz-rauenspurg.de\\\/rutenfest-2k23\\\/\"},\"author\":{\"name\":\"Lukas\",\"@id\":\"https:\\\/\\\/www.fz-rauenspurg.de\\\/#\\\/schema\\\/person\\\/acf9ca42ad6beddb3dbb4e3e5b8b9aaf\"},\"headline\":\"Rutenfest 2023\",\"datePublished\":\"2023-08-15T14:04:35+00:00\",\"dateModified\":\"2023-10-30T14:08:48+00:00\",\"mainEntityOfPage\":{\"@id\":\"https:\\\/\\\/www.fz-rauenspurg.de\\\/rutenfest-2k23\\\/\"},\"wordCount\":129,\"publisher\":{\"@id\":\"https:\\\/\\\/www.fz-rauenspurg.de\\\/#organization\"},\"image\":{\"@id\":\"https:\\\/\\\/www.fz-rauenspurg.de\\\/rutenfest-2k23\\\/#primaryimage\"},\"thumbnailUrl\":\"https:\\\/\\\/i0.wp.com\\\/www.fz-rauenspurg.de\\\/wp-content\\\/uploads\\\/2020\\\/08\\\/Gruppenbild_FZR-scaled.jpg?fit=2560%2C1876&ssl=1\",\"articleSection\":[\"Allgemein\"],\"inLanguage\":\"en-US\"},{\"@type\":\"WebPage\",\"@id\":\"https:\\\/\\\/www.fz-rauenspurg.de\\\/rutenfest-2k23\\\/\",\"url\":\"https:\\\/\\\/www.fz-rauenspurg.de\\\/rutenfest-2k23\\\/\",\"name\":\"Rutenfest 2023 &#8226; Fanfarenzug Rauenspurg e.V.\",\"isPartOf\":{\"@id\":\"https:\\\/\\\/www.fz-rauenspurg.de\\\/#website\"},\"primaryImageOfPage\":{\"@id\":\"https:\\\/\\\/www.fz-rauenspurg.de\\\/rutenfest-2k23\\\/#primaryimage\"},\"image\":{\"@id\":\"https:\\\/\\\/www.fz-rauenspurg.de\\\/rutenfest-2k23\\\/#primaryimage\"},\"thumbnailUrl\":\"https:\\\/\\\/i0.wp.com\\\/www.fz-rauenspurg.de\\\/wp-content\\\/uploads\\\/2020\\\/08\\\/Gruppenbild_FZR-scaled.jpg?fit=2560%2C1876&ssl=1\",\"datePublished\":\"2023-08-15T14:04:35+00:00\",\"dateModified\":\"2023-10-30T14:08:48+00:00\",\"description\":\"Willkommen uns, Du Tag der Freude!An f\u00fcnf Tagen zogen die Aktiven in und um Ravensburg umher und trommelten bei knapp 200 Adressen an. Wir danken allen Gastgeberinnen und Gastgebern die uns am Rutenfest 2023 unterst\u00fctzt haben.\",\"breadcrumb\":{\"@id\":\"https:\\\/\\\/www.fz-rauenspurg.de\\\/rutenfest-2k23\\\/#breadcrumb\"},\"inLanguage\":\"en-US\",\"potentialAction\":[{\"@type\":\"ReadAction\",\"target\":[\"https:\\\/\\\/www.fz-rauenspurg.de\\\/rutenfest-2k23\\\/\"]}]},{\"@type\":\"ImageObject\",\"inLanguage\":\"en-US\",\"@id\":\"https:\\\/\\\/www.fz-rauenspurg.de\\\/rutenfest-2k23\\\/#primaryimage\",\"url\":\"https:\\\/\\\/i0.wp.com\\\/www.fz-rauenspurg.de\\\/wp-content\\\/uploads\\\/2020\\\/08\\\/Gruppenbild_FZR-scaled.jpg?fit=2560%2C1876&ssl=1\",\"contentUrl\":\"https:\\\/\\\/i0.wp.com\\\/www.fz-rauenspurg.de\\\/wp-content\\\/uploads\\\/2020\\\/08\\\/Gruppenbild_FZR-scaled.jpg?fit=2560%2C1876&ssl=1\",\"width\":2560,\"height\":1876},{\"@type\":\"BreadcrumbList\",\"@id\":\"https:\\\/\\\/www.fz-rauenspurg.de\\\/rutenfest-2k23\\\/#breadcrumb\",\"itemListElement\":[{\"@type\":\"ListItem\",\"position\":1,\"name\":\"Startseite\",\"item\":\"https:\\\/\\\/www.fz-rauenspurg.de\\\/\"},{\"@type\":\"ListItem\",\"position\":2,\"name\":\"Rutenfest 2023\"}]},{\"@type\":\"WebSite\",\"@id\":\"https:\\\/\\\/www.fz-rauenspurg.de\\\/#website\",\"url\":\"https:\\\/\\\/www.fz-rauenspurg.de\\\/\",\"name\":\"Fanfarenzug Rauenspurg e.V.\",\"description\":\"der Stadt Ravensburg\",\"publisher\":{\"@id\":\"https:\\\/\\\/www.fz-rauenspurg.de\\\/#organization\"},\"potentialAction\":[{\"@type\":\"SearchAction\",\"target\":{\"@type\":\"EntryPoint\",\"urlTemplate\":\"https:\\\/\\\/www.fz-rauenspurg.de\\\/?s={search_term_string}\"},\"query-input\":{\"@type\":\"PropertyValueSpecification\",\"valueRequired\":true,\"valueName\":\"search_term_string\"}}],\"inLanguage\":\"en-US\"},{\"@type\":\"Organization\",\"@id\":\"https:\\\/\\\/www.fz-rauenspurg.de\\\/#organization\",\"name\":\"Fanfarenzug Rauenspurg e.V. der Stadt Ravensburg\",\"url\":\"https:\\\/\\\/www.fz-rauenspurg.de\\\/\",\"logo\":{\"@type\":\"ImageObject\",\"inLanguage\":\"en-US\",\"@id\":\"https:\\\/\\\/www.fz-rauenspurg.de\\\/#\\\/schema\\\/logo\\\/image\\\/\",\"url\":\"https:\\\/\\\/i0.wp.com\\\/www.fz-rauenspurg.de\\\/wp-content\\\/uploads\\\/cropped-20190515_FZR_Logo-Neu-7.png?fit=4167%2C4167&ssl=1\",\"contentUrl\":\"https:\\\/\\\/i0.wp.com\\\/www.fz-rauenspurg.de\\\/wp-content\\\/uploads\\\/cropped-20190515_FZR_Logo-Neu-7.png?fit=4167%2C4167&ssl=1\",\"width\":4167,\"height\":4167,\"caption\":\"Fanfarenzug Rauenspurg e.V. der Stadt Ravensburg\"},\"image\":{\"@id\":\"https:\\\/\\\/www.fz-rauenspurg.de\\\/#\\\/schema\\\/logo\\\/image\\\/\"},\"sameAs\":[\"http:\\\/\\\/www.facebook.com\\\/fanfarenzug.rauenspurg.e.v.\",\"https:\\\/\\\/x.com\\\/rauenspurg\",\"https:\\\/\\\/www.instagram.com\\\/fanfarenzug.rauenspurg\\\/\",\"https:\\\/\\\/open.spotify.com\\\/artist\\\/1T9nl7w34CIHZa2hI57Il3?si=Wg7bL2dAQYuxixd4g4dTtQ\"]},{\"@type\":\"Person\",\"@id\":\"https:\\\/\\\/www.fz-rauenspurg.de\\\/#\\\/schema\\\/person\\\/acf9ca42ad6beddb3dbb4e3e5b8b9aaf\",\"name\":\"Lukas\",\"image\":{\"@type\":\"ImageObject\",\"inLanguage\":\"en-US\",\"@id\":\"https:\\\/\\\/secure.gravatar.com\\\/avatar\\\/272db67f26ffd9862bc906545f502f6a514aefa848f25dd64a1d0776dfdeef1a?s=96&d=mm&r=g\",\"url\":\"https:\\\/\\\/secure.gravatar.com\\\/avatar\\\/272db67f26ffd9862bc906545f502f6a514aefa848f25dd64a1d0776dfdeef1a?s=96&d=mm&r=g\",\"contentUrl\":\"https:\\\/\\\/secure.gravatar.com\\\/avatar\\\/272db67f26ffd9862bc906545f502f6a514aefa848f25dd64a1d0776dfdeef1a?s=96&d=mm&r=g\",\"caption\":\"Lukas\"}}]}<\/script>\n<!-- \/ Yoast SEO plugin. -->","yoast_head_json":{"title":"Rutenfest 2023 &#8226; Fanfarenzug Rauenspurg e.V.","description":"Willkommen uns, Du Tag der Freude!An f\u00fcnf Tagen zogen die Aktiven in und um Ravensburg umher und trommelten bei knapp 200 Adressen an. Wir danken allen Gastgeberinnen und Gastgebern die uns am Rutenfest 2023 unterst\u00fctzt haben.","robots":{"index":"noindex","follow":"follow"},"og_locale":"en_US","og_type":"article","og_title":"Rutenfest 2023 &#8226; Fanfarenzug Rauenspurg e.V.","og_description":"Willkommen uns, Du Tag der Freude!An f\u00fcnf Tagen zogen die Aktiven in und um Ravensburg umher und trommelten bei knapp 200 Adressen an. Wir danken allen Gastgeberinnen und Gastgebern die uns am Rutenfest 2023 unterst\u00fctzt haben.","og_url":"https:\/\/www.fz-rauenspurg.de\/en\/rutenfest-2k23\/","og_site_name":"Fanfarenzug Rauenspurg e.V.","article_publisher":"http:\/\/www.facebook.com\/fanfarenzug.rauenspurg.e.v.","article_published_time":"2023-08-15T14:04:35+00:00","article_modified_time":"2023-10-30T14:08:48+00:00","og_image":[{"width":2560,"height":1876,"url":"https:\/\/www.fz-rauenspurg.de\/wp-content\/uploads\/2020\/08\/Gruppenbild_FZR-scaled.jpg","type":"image\/jpeg"}],"author":"Lukas","twitter_card":"summary_large_image","twitter_creator":"@rauenspurg","twitter_site":"@rauenspurg","twitter_misc":{"Written by":"Lukas","Est. reading time":"1 minute"},"schema":{"@context":"https:\/\/schema.org","@graph":[{"@type":"Article","@id":"https:\/\/www.fz-rauenspurg.de\/rutenfest-2k23\/#article","isPartOf":{"@id":"https:\/\/www.fz-rauenspurg.de\/rutenfest-2k23\/"},"author":{"name":"Lukas","@id":"https:\/\/www.fz-rauenspurg.de\/#\/schema\/person\/acf9ca42ad6beddb3dbb4e3e5b8b9aaf"},"headline":"Rutenfest 2023","datePublished":"2023-08-15T14:04:35+00:00","dateModified":"2023-10-30T14:08:48+00:00","mainEntityOfPage":{"@id":"https:\/\/www.fz-rauenspurg.de\/rutenfest-2k23\/"},"wordCount":129,"publisher":{"@id":"https:\/\/www.fz-rauenspurg.de\/#organization"},"image":{"@id":"https:\/\/www.fz-rauenspurg.de\/rutenfest-2k23\/#primaryimage"},"thumbnailUrl":"https:\/\/i0.wp.com\/www.fz-rauenspurg.de\/wp-content\/uploads\/2020\/08\/Gruppenbild_FZR-scaled.jpg?fit=2560%2C1876&ssl=1","articleSection":["Allgemein"],"inLanguage":"en-US"},{"@type":"WebPage","@id":"https:\/\/www.fz-rauenspurg.de\/rutenfest-2k23\/","url":"https:\/\/www.fz-rauenspurg.de\/rutenfest-2k23\/","name":"Rutenfest 2023 &#8226; Fanfarenzug Rauenspurg e.V.","isPartOf":{"@id":"https:\/\/www.fz-rauenspurg.de\/#website"},"primaryImageOfPage":{"@id":"https:\/\/www.fz-rauenspurg.de\/rutenfest-2k23\/#primaryimage"},"image":{"@id":"https:\/\/www.fz-rauenspurg.de\/rutenfest-2k23\/#primaryimage"},"thumbnailUrl":"https:\/\/i0.wp.com\/www.fz-rauenspurg.de\/wp-content\/uploads\/2020\/08\/Gruppenbild_FZR-scaled.jpg?fit=2560%2C1876&ssl=1","datePublished":"2023-08-15T14:04:35+00:00","dateModified":"2023-10-30T14:08:48+00:00","description":"Willkommen uns, Du Tag der Freude!An f\u00fcnf Tagen zogen die Aktiven in und um Ravensburg umher und trommelten bei knapp 200 Adressen an. Wir danken allen Gastgeberinnen und Gastgebern die uns am Rutenfest 2023 unterst\u00fctzt haben.","breadcrumb":{"@id":"https:\/\/www.fz-rauenspurg.de\/rutenfest-2k23\/#breadcrumb"},"inLanguage":"en-US","potentialAction":[{"@type":"ReadAction","target":["https:\/\/www.fz-rauenspurg.de\/rutenfest-2k23\/"]}]},{"@type":"ImageObject","inLanguage":"en-US","@id":"https:\/\/www.fz-rauenspurg.de\/rutenfest-2k23\/#primaryimage","url":"https:\/\/i0.wp.com\/www.fz-rauenspurg.de\/wp-content\/uploads\/2020\/08\/Gruppenbild_FZR-scaled.jpg?fit=2560%2C1876&ssl=1","contentUrl":"https:\/\/i0.wp.com\/www.fz-rauenspurg.de\/wp-content\/uploads\/2020\/08\/Gruppenbild_FZR-scaled.jpg?fit=2560%2C1876&ssl=1","width":2560,"height":1876},{"@type":"BreadcrumbList","@id":"https:\/\/www.fz-rauenspurg.de\/rutenfest-2k23\/#breadcrumb","itemListElement":[{"@type":"ListItem","position":1,"name":"Startseite","item":"https:\/\/www.fz-rauenspurg.de\/"},{"@type":"ListItem","position":2,"name":"Rutenfest 2023"}]},{"@type":"WebSite","@id":"https:\/\/www.fz-rauenspurg.de\/#website","url":"https:\/\/www.fz-rauenspurg.de\/","name":"Fanfarenzug Rauenspurg e.V.","description":"der Stadt Ravensburg","publisher":{"@id":"https:\/\/www.fz-rauenspurg.de\/#organization"},"potentialAction":[{"@type":"SearchAction","target":{"@type":"EntryPoint","urlTemplate":"https:\/\/www.fz-rauenspurg.de\/?s={search_term_string}"},"query-input":{"@type":"PropertyValueSpecification","valueRequired":true,"valueName":"search_term_string"}}],"inLanguage":"en-US"},{"@type":"Organization","@id":"https:\/\/www.fz-rauenspurg.de\/#organization","name":"Fanfarenzug Rauenspurg e.V. der Stadt Ravensburg","url":"https:\/\/www.fz-rauenspurg.de\/","logo":{"@type":"ImageObject","inLanguage":"en-US","@id":"https:\/\/www.fz-rauenspurg.de\/#\/schema\/logo\/image\/","url":"https:\/\/i0.wp.com\/www.fz-rauenspurg.de\/wp-content\/uploads\/cropped-20190515_FZR_Logo-Neu-7.png?fit=4167%2C4167&ssl=1","contentUrl":"https:\/\/i0.wp.com\/www.fz-rauenspurg.de\/wp-content\/uploads\/cropped-20190515_FZR_Logo-Neu-7.png?fit=4167%2C4167&ssl=1","width":4167,"height":4167,"caption":"Fanfarenzug Rauenspurg e.V. der Stadt Ravensburg"},"image":{"@id":"https:\/\/www.fz-rauenspurg.de\/#\/schema\/logo\/image\/"},"sameAs":["http:\/\/www.facebook.com\/fanfarenzug.rauenspurg.e.v.","https:\/\/x.com\/rauenspurg","https:\/\/www.instagram.com\/fanfarenzug.rauenspurg\/","https:\/\/open.spotify.com\/artist\/1T9nl7w34CIHZa2hI57Il3?si=Wg7bL2dAQYuxixd4g4dTtQ"]},{"@type":"Person","@id":"https:\/\/www.fz-rauenspurg.de\/#\/schema\/person\/acf9ca42ad6beddb3dbb4e3e5b8b9aaf","name":"Lukas","image":{"@type":"ImageObject","inLanguage":"en-US","@id":"https:\/\/secure.gravatar.com\/avatar\/272db67f26ffd9862bc906545f502f6a514aefa848f25dd64a1d0776dfdeef1a?s=96&d=mm&r=g","url":"https:\/\/secure.gravatar.com\/avatar\/272db67f26ffd9862bc906545f502f6a514aefa848f25dd64a1d0776dfdeef1a?s=96&d=mm&r=g","contentUrl":"https:\/\/secure.gravatar.com\/avatar\/272db67f26ffd9862bc906545f502f6a514aefa848f25dd64a1d0776dfdeef1a?s=96&d=mm&r=g","caption":"Lukas"}}]}},"jetpack_featured_media_url":"https:\/\/i0.wp.com\/www.fz-rauenspurg.de\/wp-content\/uploads\/2020\/08\/Gruppenbild_FZR-scaled.jpg?fit=2560%2C1876&ssl=1","jetpack_sharing_enabled":true,"jetpack_shortlink":"https:\/\/wp.me\/p7EInt-1nf","_links":{"self":[{"href":"https:\/\/www.fz-rauenspurg.de\/en\/wp-json\/wp\/v2\/posts\/5285","targetHints":{"allow":["GET"]}}],"collection":[{"href":"https:\/\/www.fz-rauenspurg.de\/en\/wp-json\/wp\/v2\/posts"}],"about":[{"href":"https:\/\/www.fz-rauenspurg.de\/en\/wp-json\/wp\/v2\/types\/post"}],"author":[{"embeddable":true,"href":"https:\/\/www.fz-rauenspurg.de\/en\/wp-json\/wp\/v2\/users\/6"}],"replies":[{"embeddable":true,"href":"https:\/\/www.fz-rauenspurg.de\/en\/wp-json\/wp\/v2\/comments?post=5285"}],"version-history":[{"count":6,"href":"https:\/\/www.fz-rauenspurg.de\/en\/wp-json\/wp\/v2\/posts\/5285\/revisions"}],"predecessor-version":[{"id":5308,"href":"https:\/\/www.fz-rauenspurg.de\/en\/wp-json\/wp\/v2\/posts\/5285\/revisions\/5308"}],"wp:featuredmedia":[{"embeddable":true,"href":"https:\/\/www.fz-rauenspurg.de\/en\/wp-json\/wp\/v2\/media\/4183"}],"wp:attachment":[{"href":"https:\/\/www.fz-rauenspurg.de\/en\/wp-json\/wp\/v2\/media?parent=5285"}],"wp:term":[{"taxonomy":"category","embeddable":true,"href":"https:\/\/www.fz-rauenspurg.de\/en\/wp-json\/wp\/v2\/categories?post=5285"},{"taxonomy":"post_tag","embeddable":true,"href":"https:\/\/www.fz-rauenspurg.de\/en\/wp-json\/wp\/v2\/tags?post=5285"}],"curies":[{"name":"wp","href":"https:\/\/api.w.org\/{rel}","templated":true}]}}