{"id":5056,"date":"2022-06-28T18:27:44","date_gmt":"2022-06-28T17:27:44","guid":{"rendered":"https:\/\/www.fz-rauenspurg.de\/?p=5056"},"modified":"2022-07-02T08:33:08","modified_gmt":"2022-07-02T07:33:08","slug":"zu-gast-beim-fete-jeanne-hachette","status":"publish","type":"post","link":"https:\/\/www.fz-rauenspurg.de\/en\/zu-gast-beim-fete-jeanne-hachette\/","title":{"rendered":"Zu Gast beim F\u00eates Jeanne Hachette"},"content":{"rendered":"<p>Der Fanfarenzug Rauenspurg der Stadt Ravensburg war am letzten Juniwochenende zu Gast beim 550.\u00a0<a href=\"https:\/\/www.schwaebische.de\/suchergebnisse_suchbegriff,F%C3%AAtes.html\">F\u00eates<\/a>\u00a0Jeanne Hachette in Beauvais. Bereits am Freitagabend machte man sich per Bus auf den langen Weg in den Norden Frankreichs. Nach der Ankunft am fr\u00fchen Samstagmorgen und einem leckeren franz\u00f6sischen Fr\u00fchst\u00fcck starteten wir auch schon in das Festprogramm. Bei der gro\u00dfen Show auf dem Place Jeanne Hachette mit anschlie\u00dfendem Empfang im Rathaus, zwei Festz\u00fcgen durch die Stadt, sowie diversen (spontanen) Antrommeladressen in und um Beauvais durften wir unseren \u201eRauenspurg-Sound\u201c zum Besten geben. Der Fanfarenzug bedankt sich bei der Stadt Beauvais f\u00fcr die Einladung und Gastfreundschaft und bei Christophe Willay f\u00fcr die Organisation.<\/p>","protected":false},"excerpt":{"rendered":"<p>Am vergangenen Wochenende waren wir zu Gast beim &#8222;F\u00eates Jeanne Hachette&#8220; in Beauvais (Frankreich)<\/p>","protected":false},"author":6,"featured_media":5059,"comment_status":"closed","ping_status":"open","sticky":false,"template":"","format":"standard","meta":{"_jetpack_newsletter_access":"","_jetpack_dont_email_post_to_subs":false,"_jetpack_newsletter_tier_id":0,"_jetpack_memberships_contains_paywalled_content":false,"_jetpack_memberships_contains_paid_content":false,"footnotes":""},"categories":[1],"tags":[],"class_list":["post-5056","post","type-post","status-publish","format-standard","has-post-thumbnail","hentry","category-allgemein"],"blocksy_meta":{"styles_descriptor":{"styles":{"desktop":"","tablet":"","mobile":""},"google_fonts":[],"version":6}},"featured_image_urls_v2":{"full":["https:\/\/i0.wp.com\/www.fz-rauenspurg.de\/wp-content\/uploads\/2022\/06\/WhatsApp-Image-2022-06-26-at-18.33.20.jpeg?fit=2048%2C1536&ssl=1",2048,1536,false],"thumbnail":["https:\/\/i0.wp.com\/www.fz-rauenspurg.de\/wp-content\/uploads\/2022\/06\/WhatsApp-Image-2022-06-26-at-18.33.20.jpeg?resize=150%2C150&ssl=1",150,150,true],"medium":["https:\/\/i0.wp.com\/www.fz-rauenspurg.de\/wp-content\/uploads\/2022\/06\/WhatsApp-Image-2022-06-26-at-18.33.20.jpeg?fit=300%2C225&ssl=1",300,225,true],"medium_large":["https:\/\/i0.wp.com\/www.fz-rauenspurg.de\/wp-content\/uploads\/2022\/06\/WhatsApp-Image-2022-06-26-at-18.33.20.jpeg?fit=768%2C576&ssl=1",768,576,true],"large":["https:\/\/i0.wp.com\/www.fz-rauenspurg.de\/wp-content\/uploads\/2022\/06\/WhatsApp-Image-2022-06-26-at-18.33.20.jpeg?fit=1024%2C768&ssl=1",1024,768,true],"timeline-express":["https:\/\/i0.wp.com\/www.fz-rauenspurg.de\/wp-content\/uploads\/2022\/06\/WhatsApp-Image-2022-06-26-at-18.33.20.jpeg?resize=350%2C120&ssl=1",350,120,true],"timeline-express-thumbnail":["https:\/\/i0.wp.com\/www.fz-rauenspurg.de\/wp-content\/uploads\/2022\/06\/WhatsApp-Image-2022-06-26-at-18.33.20.jpeg?resize=200%2C120&ssl=1",200,120,true],"1536x1536":["https:\/\/i0.wp.com\/www.fz-rauenspurg.de\/wp-content\/uploads\/2022\/06\/WhatsApp-Image-2022-06-26-at-18.33.20.jpeg?fit=1536%2C1152&ssl=1",1536,1152,true],"2048x2048":["https:\/\/i0.wp.com\/www.fz-rauenspurg.de\/wp-content\/uploads\/2022\/06\/WhatsApp-Image-2022-06-26-at-18.33.20.jpeg?fit=2048%2C1536&ssl=1",2048,1536,true],"trp-custom-language-flag":["https:\/\/i0.wp.com\/www.fz-rauenspurg.de\/wp-content\/uploads\/2022\/06\/WhatsApp-Image-2022-06-26-at-18.33.20.jpeg?fit=16%2C12&ssl=1",16,12,true],"sow-carousel-default":["https:\/\/i0.wp.com\/www.fz-rauenspurg.de\/wp-content\/uploads\/2022\/06\/WhatsApp-Image-2022-06-26-at-18.33.20.jpeg?resize=272%2C182&ssl=1",272,182,true]},"post_excerpt_stackable_v2":"<p>Am vergangenen Wochenende waren wir zu Gast beim &#8222;F\u00eates Jeanne Hachette&#8220; in Beauvais (Frankreich)<\/p>\n","category_list_v2":"<a href=\"https:\/\/www.fz-rauenspurg.de\/en\/allgemein\/\" rel=\"category tag\">Allgemein<\/a>","author_info_v2":{"name":"Lukas","url":"https:\/\/www.fz-rauenspurg.de\/en\/author\/lukasmueller\/"},"comments_num_v2":"0 comments","yoast_head":"<!-- This site is optimized with the Yoast SEO plugin v27.5 - https:\/\/yoast.com\/product\/yoast-seo-wordpress\/ -->\n<title>Zu Gast beim F\u00eates Jeanne Hachette &#8226; Fanfarenzug Rauenspurg e.V.<\/title>\n<meta name=\"robots\" content=\"noindex, follow\" \/>\n<meta property=\"og:locale\" content=\"en_US\" \/>\n<meta property=\"og:type\" content=\"article\" \/>\n<meta property=\"og:title\" content=\"Zu Gast beim F\u00eates Jeanne Hachette &#8226; Fanfarenzug Rauenspurg e.V.\" \/>\n<meta property=\"og:description\" content=\"Am vergangenen Wochenende waren wir zu Gast beim &quot;F\u00eates Jeanne Hachette&quot; in Beauvais (Frankreich)\" \/>\n<meta property=\"og:url\" content=\"https:\/\/www.fz-rauenspurg.de\/en\/zu-gast-beim-fete-jeanne-hachette\/\" \/>\n<meta property=\"og:site_name\" content=\"Fanfarenzug Rauenspurg e.V.\" \/>\n<meta property=\"article:publisher\" content=\"http:\/\/www.facebook.com\/fanfarenzug.rauenspurg.e.v.\" \/>\n<meta property=\"article:published_time\" content=\"2022-06-28T17:27:44+00:00\" \/>\n<meta property=\"article:modified_time\" content=\"2022-07-02T07:33:08+00:00\" \/>\n<meta property=\"og:image\" content=\"https:\/\/i0.wp.com\/www.fz-rauenspurg.de\/wp-content\/uploads\/2022\/06\/WhatsApp-Image-2022-06-26-at-18.33.20.jpeg?fit=2048%2C1536&ssl=1\" \/>\n\t<meta property=\"og:image:width\" content=\"2048\" \/>\n\t<meta property=\"og:image:height\" content=\"1536\" \/>\n\t<meta property=\"og:image:type\" content=\"image\/jpeg\" \/>\n<meta name=\"author\" content=\"Lukas\" \/>\n<meta name=\"twitter:card\" content=\"summary_large_image\" \/>\n<meta name=\"twitter:creator\" content=\"@rauenspurg\" \/>\n<meta name=\"twitter:site\" content=\"@rauenspurg\" \/>\n<meta name=\"twitter:label1\" content=\"Written by\" \/>\n\t<meta name=\"twitter:data1\" content=\"Lukas\" \/>\n\t<meta name=\"twitter:label2\" content=\"Est. reading time\" \/>\n\t<meta name=\"twitter:data2\" content=\"1 minute\" \/>\n<script type=\"application\/ld+json\" class=\"yoast-schema-graph\">{\"@context\":\"https:\\\/\\\/schema.org\",\"@graph\":[{\"@type\":\"Article\",\"@id\":\"https:\\\/\\\/www.fz-rauenspurg.de\\\/zu-gast-beim-fete-jeanne-hachette\\\/#article\",\"isPartOf\":{\"@id\":\"https:\\\/\\\/www.fz-rauenspurg.de\\\/zu-gast-beim-fete-jeanne-hachette\\\/\"},\"author\":{\"name\":\"Lukas\",\"@id\":\"https:\\\/\\\/www.fz-rauenspurg.de\\\/#\\\/schema\\\/person\\\/acf9ca42ad6beddb3dbb4e3e5b8b9aaf\"},\"headline\":\"Zu Gast beim F\u00eates Jeanne Hachette\",\"datePublished\":\"2022-06-28T17:27:44+00:00\",\"dateModified\":\"2022-07-02T07:33:08+00:00\",\"mainEntityOfPage\":{\"@id\":\"https:\\\/\\\/www.fz-rauenspurg.de\\\/zu-gast-beim-fete-jeanne-hachette\\\/\"},\"wordCount\":123,\"publisher\":{\"@id\":\"https:\\\/\\\/www.fz-rauenspurg.de\\\/#organization\"},\"image\":{\"@id\":\"https:\\\/\\\/www.fz-rauenspurg.de\\\/zu-gast-beim-fete-jeanne-hachette\\\/#primaryimage\"},\"thumbnailUrl\":\"https:\\\/\\\/i0.wp.com\\\/www.fz-rauenspurg.de\\\/wp-content\\\/uploads\\\/2022\\\/06\\\/WhatsApp-Image-2022-06-26-at-18.33.20.jpeg?fit=2048%2C1536&ssl=1\",\"articleSection\":[\"Allgemein\"],\"inLanguage\":\"en-US\"},{\"@type\":\"WebPage\",\"@id\":\"https:\\\/\\\/www.fz-rauenspurg.de\\\/zu-gast-beim-fete-jeanne-hachette\\\/\",\"url\":\"https:\\\/\\\/www.fz-rauenspurg.de\\\/zu-gast-beim-fete-jeanne-hachette\\\/\",\"name\":\"Zu Gast beim F\u00eates Jeanne Hachette &#8226; Fanfarenzug Rauenspurg e.V.\",\"isPartOf\":{\"@id\":\"https:\\\/\\\/www.fz-rauenspurg.de\\\/#website\"},\"primaryImageOfPage\":{\"@id\":\"https:\\\/\\\/www.fz-rauenspurg.de\\\/zu-gast-beim-fete-jeanne-hachette\\\/#primaryimage\"},\"image\":{\"@id\":\"https:\\\/\\\/www.fz-rauenspurg.de\\\/zu-gast-beim-fete-jeanne-hachette\\\/#primaryimage\"},\"thumbnailUrl\":\"https:\\\/\\\/i0.wp.com\\\/www.fz-rauenspurg.de\\\/wp-content\\\/uploads\\\/2022\\\/06\\\/WhatsApp-Image-2022-06-26-at-18.33.20.jpeg?fit=2048%2C1536&ssl=1\",\"datePublished\":\"2022-06-28T17:27:44+00:00\",\"dateModified\":\"2022-07-02T07:33:08+00:00\",\"breadcrumb\":{\"@id\":\"https:\\\/\\\/www.fz-rauenspurg.de\\\/zu-gast-beim-fete-jeanne-hachette\\\/#breadcrumb\"},\"inLanguage\":\"en-US\",\"potentialAction\":[{\"@type\":\"ReadAction\",\"target\":[\"https:\\\/\\\/www.fz-rauenspurg.de\\\/zu-gast-beim-fete-jeanne-hachette\\\/\"]}]},{\"@type\":\"ImageObject\",\"inLanguage\":\"en-US\",\"@id\":\"https:\\\/\\\/www.fz-rauenspurg.de\\\/zu-gast-beim-fete-jeanne-hachette\\\/#primaryimage\",\"url\":\"https:\\\/\\\/i0.wp.com\\\/www.fz-rauenspurg.de\\\/wp-content\\\/uploads\\\/2022\\\/06\\\/WhatsApp-Image-2022-06-26-at-18.33.20.jpeg?fit=2048%2C1536&ssl=1\",\"contentUrl\":\"https:\\\/\\\/i0.wp.com\\\/www.fz-rauenspurg.de\\\/wp-content\\\/uploads\\\/2022\\\/06\\\/WhatsApp-Image-2022-06-26-at-18.33.20.jpeg?fit=2048%2C1536&ssl=1\",\"width\":2048,\"height\":1536},{\"@type\":\"BreadcrumbList\",\"@id\":\"https:\\\/\\\/www.fz-rauenspurg.de\\\/zu-gast-beim-fete-jeanne-hachette\\\/#breadcrumb\",\"itemListElement\":[{\"@type\":\"ListItem\",\"position\":1,\"name\":\"Startseite\",\"item\":\"https:\\\/\\\/www.fz-rauenspurg.de\\\/\"},{\"@type\":\"ListItem\",\"position\":2,\"name\":\"Zu Gast beim F\u00eates Jeanne Hachette\"}]},{\"@type\":\"WebSite\",\"@id\":\"https:\\\/\\\/www.fz-rauenspurg.de\\\/#website\",\"url\":\"https:\\\/\\\/www.fz-rauenspurg.de\\\/\",\"name\":\"Fanfarenzug Rauenspurg e.V.\",\"description\":\"der Stadt Ravensburg\",\"publisher\":{\"@id\":\"https:\\\/\\\/www.fz-rauenspurg.de\\\/#organization\"},\"potentialAction\":[{\"@type\":\"SearchAction\",\"target\":{\"@type\":\"EntryPoint\",\"urlTemplate\":\"https:\\\/\\\/www.fz-rauenspurg.de\\\/?s={search_term_string}\"},\"query-input\":{\"@type\":\"PropertyValueSpecification\",\"valueRequired\":true,\"valueName\":\"search_term_string\"}}],\"inLanguage\":\"en-US\"},{\"@type\":\"Organization\",\"@id\":\"https:\\\/\\\/www.fz-rauenspurg.de\\\/#organization\",\"name\":\"Fanfarenzug Rauenspurg e.V. der Stadt Ravensburg\",\"url\":\"https:\\\/\\\/www.fz-rauenspurg.de\\\/\",\"logo\":{\"@type\":\"ImageObject\",\"inLanguage\":\"en-US\",\"@id\":\"https:\\\/\\\/www.fz-rauenspurg.de\\\/#\\\/schema\\\/logo\\\/image\\\/\",\"url\":\"https:\\\/\\\/i0.wp.com\\\/www.fz-rauenspurg.de\\\/wp-content\\\/uploads\\\/cropped-20190515_FZR_Logo-Neu-7.png?fit=4167%2C4167&ssl=1\",\"contentUrl\":\"https:\\\/\\\/i0.wp.com\\\/www.fz-rauenspurg.de\\\/wp-content\\\/uploads\\\/cropped-20190515_FZR_Logo-Neu-7.png?fit=4167%2C4167&ssl=1\",\"width\":4167,\"height\":4167,\"caption\":\"Fanfarenzug Rauenspurg e.V. der Stadt Ravensburg\"},\"image\":{\"@id\":\"https:\\\/\\\/www.fz-rauenspurg.de\\\/#\\\/schema\\\/logo\\\/image\\\/\"},\"sameAs\":[\"http:\\\/\\\/www.facebook.com\\\/fanfarenzug.rauenspurg.e.v.\",\"https:\\\/\\\/x.com\\\/rauenspurg\",\"https:\\\/\\\/www.instagram.com\\\/fanfarenzug.rauenspurg\\\/\",\"https:\\\/\\\/open.spotify.com\\\/artist\\\/1T9nl7w34CIHZa2hI57Il3?si=Wg7bL2dAQYuxixd4g4dTtQ\"]},{\"@type\":\"Person\",\"@id\":\"https:\\\/\\\/www.fz-rauenspurg.de\\\/#\\\/schema\\\/person\\\/acf9ca42ad6beddb3dbb4e3e5b8b9aaf\",\"name\":\"Lukas\",\"image\":{\"@type\":\"ImageObject\",\"inLanguage\":\"en-US\",\"@id\":\"https:\\\/\\\/secure.gravatar.com\\\/avatar\\\/272db67f26ffd9862bc906545f502f6a514aefa848f25dd64a1d0776dfdeef1a?s=96&d=mm&r=g\",\"url\":\"https:\\\/\\\/secure.gravatar.com\\\/avatar\\\/272db67f26ffd9862bc906545f502f6a514aefa848f25dd64a1d0776dfdeef1a?s=96&d=mm&r=g\",\"contentUrl\":\"https:\\\/\\\/secure.gravatar.com\\\/avatar\\\/272db67f26ffd9862bc906545f502f6a514aefa848f25dd64a1d0776dfdeef1a?s=96&d=mm&r=g\",\"caption\":\"Lukas\"}}]}<\/script>\n<!-- \/ Yoast SEO plugin. -->","yoast_head_json":{"title":"Zu Gast beim F\u00eates Jeanne Hachette &#8226; Fanfarenzug Rauenspurg e.V.","robots":{"index":"noindex","follow":"follow"},"og_locale":"en_US","og_type":"article","og_title":"Zu Gast beim F\u00eates Jeanne Hachette &#8226; Fanfarenzug Rauenspurg e.V.","og_description":"Am vergangenen Wochenende waren wir zu Gast beim \"F\u00eates Jeanne Hachette\" in Beauvais (Frankreich)","og_url":"https:\/\/www.fz-rauenspurg.de\/en\/zu-gast-beim-fete-jeanne-hachette\/","og_site_name":"Fanfarenzug Rauenspurg e.V.","article_publisher":"http:\/\/www.facebook.com\/fanfarenzug.rauenspurg.e.v.","article_published_time":"2022-06-28T17:27:44+00:00","article_modified_time":"2022-07-02T07:33:08+00:00","og_image":[{"width":2048,"height":1536,"url":"https:\/\/i0.wp.com\/www.fz-rauenspurg.de\/wp-content\/uploads\/2022\/06\/WhatsApp-Image-2022-06-26-at-18.33.20.jpeg?fit=2048%2C1536&ssl=1","type":"image\/jpeg"}],"author":"Lukas","twitter_card":"summary_large_image","twitter_creator":"@rauenspurg","twitter_site":"@rauenspurg","twitter_misc":{"Written by":"Lukas","Est. reading time":"1 minute"},"schema":{"@context":"https:\/\/schema.org","@graph":[{"@type":"Article","@id":"https:\/\/www.fz-rauenspurg.de\/zu-gast-beim-fete-jeanne-hachette\/#article","isPartOf":{"@id":"https:\/\/www.fz-rauenspurg.de\/zu-gast-beim-fete-jeanne-hachette\/"},"author":{"name":"Lukas","@id":"https:\/\/www.fz-rauenspurg.de\/#\/schema\/person\/acf9ca42ad6beddb3dbb4e3e5b8b9aaf"},"headline":"Zu Gast beim F\u00eates Jeanne Hachette","datePublished":"2022-06-28T17:27:44+00:00","dateModified":"2022-07-02T07:33:08+00:00","mainEntityOfPage":{"@id":"https:\/\/www.fz-rauenspurg.de\/zu-gast-beim-fete-jeanne-hachette\/"},"wordCount":123,"publisher":{"@id":"https:\/\/www.fz-rauenspurg.de\/#organization"},"image":{"@id":"https:\/\/www.fz-rauenspurg.de\/zu-gast-beim-fete-jeanne-hachette\/#primaryimage"},"thumbnailUrl":"https:\/\/i0.wp.com\/www.fz-rauenspurg.de\/wp-content\/uploads\/2022\/06\/WhatsApp-Image-2022-06-26-at-18.33.20.jpeg?fit=2048%2C1536&ssl=1","articleSection":["Allgemein"],"inLanguage":"en-US"},{"@type":"WebPage","@id":"https:\/\/www.fz-rauenspurg.de\/zu-gast-beim-fete-jeanne-hachette\/","url":"https:\/\/www.fz-rauenspurg.de\/zu-gast-beim-fete-jeanne-hachette\/","name":"Zu Gast beim F\u00eates Jeanne Hachette &#8226; Fanfarenzug Rauenspurg e.V.","isPartOf":{"@id":"https:\/\/www.fz-rauenspurg.de\/#website"},"primaryImageOfPage":{"@id":"https:\/\/www.fz-rauenspurg.de\/zu-gast-beim-fete-jeanne-hachette\/#primaryimage"},"image":{"@id":"https:\/\/www.fz-rauenspurg.de\/zu-gast-beim-fete-jeanne-hachette\/#primaryimage"},"thumbnailUrl":"https:\/\/i0.wp.com\/www.fz-rauenspurg.de\/wp-content\/uploads\/2022\/06\/WhatsApp-Image-2022-06-26-at-18.33.20.jpeg?fit=2048%2C1536&ssl=1","datePublished":"2022-06-28T17:27:44+00:00","dateModified":"2022-07-02T07:33:08+00:00","breadcrumb":{"@id":"https:\/\/www.fz-rauenspurg.de\/zu-gast-beim-fete-jeanne-hachette\/#breadcrumb"},"inLanguage":"en-US","potentialAction":[{"@type":"ReadAction","target":["https:\/\/www.fz-rauenspurg.de\/zu-gast-beim-fete-jeanne-hachette\/"]}]},{"@type":"ImageObject","inLanguage":"en-US","@id":"https:\/\/www.fz-rauenspurg.de\/zu-gast-beim-fete-jeanne-hachette\/#primaryimage","url":"https:\/\/i0.wp.com\/www.fz-rauenspurg.de\/wp-content\/uploads\/2022\/06\/WhatsApp-Image-2022-06-26-at-18.33.20.jpeg?fit=2048%2C1536&ssl=1","contentUrl":"https:\/\/i0.wp.com\/www.fz-rauenspurg.de\/wp-content\/uploads\/2022\/06\/WhatsApp-Image-2022-06-26-at-18.33.20.jpeg?fit=2048%2C1536&ssl=1","width":2048,"height":1536},{"@type":"BreadcrumbList","@id":"https:\/\/www.fz-rauenspurg.de\/zu-gast-beim-fete-jeanne-hachette\/#breadcrumb","itemListElement":[{"@type":"ListItem","position":1,"name":"Startseite","item":"https:\/\/www.fz-rauenspurg.de\/"},{"@type":"ListItem","position":2,"name":"Zu Gast beim F\u00eates Jeanne Hachette"}]},{"@type":"WebSite","@id":"https:\/\/www.fz-rauenspurg.de\/#website","url":"https:\/\/www.fz-rauenspurg.de\/","name":"Fanfarenzug Rauenspurg e.V.","description":"der Stadt Ravensburg","publisher":{"@id":"https:\/\/www.fz-rauenspurg.de\/#organization"},"potentialAction":[{"@type":"SearchAction","target":{"@type":"EntryPoint","urlTemplate":"https:\/\/www.fz-rauenspurg.de\/?s={search_term_string}"},"query-input":{"@type":"PropertyValueSpecification","valueRequired":true,"valueName":"search_term_string"}}],"inLanguage":"en-US"},{"@type":"Organization","@id":"https:\/\/www.fz-rauenspurg.de\/#organization","name":"Fanfarenzug Rauenspurg e.V. der Stadt Ravensburg","url":"https:\/\/www.fz-rauenspurg.de\/","logo":{"@type":"ImageObject","inLanguage":"en-US","@id":"https:\/\/www.fz-rauenspurg.de\/#\/schema\/logo\/image\/","url":"https:\/\/i0.wp.com\/www.fz-rauenspurg.de\/wp-content\/uploads\/cropped-20190515_FZR_Logo-Neu-7.png?fit=4167%2C4167&ssl=1","contentUrl":"https:\/\/i0.wp.com\/www.fz-rauenspurg.de\/wp-content\/uploads\/cropped-20190515_FZR_Logo-Neu-7.png?fit=4167%2C4167&ssl=1","width":4167,"height":4167,"caption":"Fanfarenzug Rauenspurg e.V. der Stadt Ravensburg"},"image":{"@id":"https:\/\/www.fz-rauenspurg.de\/#\/schema\/logo\/image\/"},"sameAs":["http:\/\/www.facebook.com\/fanfarenzug.rauenspurg.e.v.","https:\/\/x.com\/rauenspurg","https:\/\/www.instagram.com\/fanfarenzug.rauenspurg\/","https:\/\/open.spotify.com\/artist\/1T9nl7w34CIHZa2hI57Il3?si=Wg7bL2dAQYuxixd4g4dTtQ"]},{"@type":"Person","@id":"https:\/\/www.fz-rauenspurg.de\/#\/schema\/person\/acf9ca42ad6beddb3dbb4e3e5b8b9aaf","name":"Lukas","image":{"@type":"ImageObject","inLanguage":"en-US","@id":"https:\/\/secure.gravatar.com\/avatar\/272db67f26ffd9862bc906545f502f6a514aefa848f25dd64a1d0776dfdeef1a?s=96&d=mm&r=g","url":"https:\/\/secure.gravatar.com\/avatar\/272db67f26ffd9862bc906545f502f6a514aefa848f25dd64a1d0776dfdeef1a?s=96&d=mm&r=g","contentUrl":"https:\/\/secure.gravatar.com\/avatar\/272db67f26ffd9862bc906545f502f6a514aefa848f25dd64a1d0776dfdeef1a?s=96&d=mm&r=g","caption":"Lukas"}}]}},"jetpack_featured_media_url":"https:\/\/i0.wp.com\/www.fz-rauenspurg.de\/wp-content\/uploads\/2022\/06\/WhatsApp-Image-2022-06-26-at-18.33.20.jpeg?fit=2048%2C1536&ssl=1","jetpack_sharing_enabled":true,"jetpack_shortlink":"https:\/\/wp.me\/p7EInt-1jy","_links":{"self":[{"href":"https:\/\/www.fz-rauenspurg.de\/en\/wp-json\/wp\/v2\/posts\/5056","targetHints":{"allow":["GET"]}}],"collection":[{"href":"https:\/\/www.fz-rauenspurg.de\/en\/wp-json\/wp\/v2\/posts"}],"about":[{"href":"https:\/\/www.fz-rauenspurg.de\/en\/wp-json\/wp\/v2\/types\/post"}],"author":[{"embeddable":true,"href":"https:\/\/www.fz-rauenspurg.de\/en\/wp-json\/wp\/v2\/users\/6"}],"replies":[{"embeddable":true,"href":"https:\/\/www.fz-rauenspurg.de\/en\/wp-json\/wp\/v2\/comments?post=5056"}],"version-history":[{"count":6,"href":"https:\/\/www.fz-rauenspurg.de\/en\/wp-json\/wp\/v2\/posts\/5056\/revisions"}],"predecessor-version":[{"id":5067,"href":"https:\/\/www.fz-rauenspurg.de\/en\/wp-json\/wp\/v2\/posts\/5056\/revisions\/5067"}],"wp:featuredmedia":[{"embeddable":true,"href":"https:\/\/www.fz-rauenspurg.de\/en\/wp-json\/wp\/v2\/media\/5059"}],"wp:attachment":[{"href":"https:\/\/www.fz-rauenspurg.de\/en\/wp-json\/wp\/v2\/media?parent=5056"}],"wp:term":[{"taxonomy":"category","embeddable":true,"href":"https:\/\/www.fz-rauenspurg.de\/en\/wp-json\/wp\/v2\/categories?post=5056"},{"taxonomy":"post_tag","embeddable":true,"href":"https:\/\/www.fz-rauenspurg.de\/en\/wp-json\/wp\/v2\/tags?post=5056"}],"curies":[{"name":"wp","href":"https:\/\/api.w.org\/{rel}","templated":true}]}}