{"id":3903,"date":"2020-08-17T10:00:00","date_gmt":"2020-08-17T09:00:00","guid":{"rendered":"https:\/\/www.fz-rauenspurg.de\/?p=3903"},"modified":"2020-08-19T13:39:25","modified_gmt":"2020-08-19T12:39:25","slug":"wie-steht-es-um-rauenspurg-fuffzig","status":"publish","type":"post","link":"https:\/\/www.fz-rauenspurg.de\/en\/wie-steht-es-um-rauenspurg-fuffzig\/","title":{"rendered":"Wie steht es um Rauenspurg Fuffzig ?"},"content":{"rendered":"<div data-elementor-type=\"wp-post\" data-elementor-id=\"3903\" class=\"elementor elementor-3903\">\n\t\t\t\t\t\t<section class=\"elementor-section elementor-top-section elementor-element elementor-element-16cd7f9 elementor-section-boxed elementor-section-height-default elementor-section-height-default\" data-id=\"16cd7f9\" data-element_type=\"section\" data-e-type=\"section\">\n\t\t\t\t\t\t<div class=\"elementor-container elementor-column-gap-default\">\n\t\t\t\t\t<div class=\"elementor-column elementor-col-100 elementor-top-column elementor-element elementor-element-e47aee5\" data-id=\"e47aee5\" data-element_type=\"column\" data-e-type=\"column\">\n\t\t\t<div class=\"elementor-widget-wrap elementor-element-populated\">\n\t\t\t\t\t\t<div class=\"elementor-element elementor-element-970ea1c elementor-widget elementor-widget-text-editor\" data-id=\"970ea1c\" data-element_type=\"widget\" data-e-type=\"widget\" data-widget_type=\"text-editor.default\">\n\t\t\t\t<div class=\"elementor-widget-container\">\n\t\t\t\t\t\t\t\t\t<p>Sehr geehrte Mitglieder, G\u00f6nner und Freunde,<\/p><p>es ist offiziell: Leider wird unser Jubil\u00e4um dieses Jahr unter keinen Umst\u00e4nden vor Ort in Ravensburg stattfinden k\u00f6nnen. Wie viele von Euch sind auch wir entt\u00e4uscht, denn als Verein arbeiten wir seit \u00fcber einem Jahr an unserem Jubil\u00e4um #FZRFUFFZIG, genau wie unser Partner live.in.Ravensburg. Uns ist jedoch auch klar, dass wir angesichts der COVID-19-Pandemie zusammenhalten m\u00fcssen. Das bedeutet, dass wir alle R\u00fccksicht nehmen und das Infektionsrisiko verringern m\u00fcssen.<\/p><p>Es war in letzter Zeit etwas ruhiger hier, denn wir haben im Hintergrund mit allen Kr\u00e4ften f\u00fcr Euch einem neuen Termin gearbeitet. Dabei ist f\u00fcr uns entscheidend wie es nach der Liquidation unseres Partners live.in.Ravensburg. weitergeht. Diesbez\u00fcglich sind wir im engen Kontakt mit der Stadt Ravensburg. Ihr k\u00f6nnt Euch schon jetzt darauf freuen, wenn wir gemeinsam mit Euch und unseren befreundeten Vereinen, sobald es die Corona-Verordnung erlaubt, FUFFZIG+1 feiern.<\/p><p>Wir werden Euch in den n\u00e4chsten Wochen und Monaten unter fz-rauenspurg.de\/fzr-fuffzig auf dem laufenden halten.<\/p><p>Bis dahin bleibt gesund und vielen Dank f\u00fcr Eure Geduld!<\/p><p>Eure Rauenspurger \ud83d\udc99<\/p><p>Bez\u00fcglich bereits gekaufter Tickets: Bei allen bezahlten Tickets besteht die M\u00f6glichkeit Diese zur\u00fcckzuerstatten. Reservix wird dies in den kommenden Wochen zentral arrangieren.<\/p>\t\t\t\t\t\t\t\t<\/div>\n\t\t\t\t<\/div>\n\t\t\t\t\t<\/div>\n\t\t<\/div>\n\t\t\t\t\t<\/div>\n\t\t<\/section>\n\t\t\t\t<\/div>","protected":false},"excerpt":{"rendered":"<p>Sehr geehrte Mitglieder, G\u00f6nner und Freunde, es ist offiziell: Leider wird unser Jubil\u00e4um dieses Jahr unter keinen Umst\u00e4nden vor Ort in Ravensburg stattfinden k\u00f6nnen. Wie viele von Euch sind auch [&hellip;]<\/p>\n","protected":false},"author":6,"featured_media":3906,"comment_status":"closed","ping_status":"open","sticky":false,"template":"","format":"standard","meta":{"_jetpack_newsletter_access":"","_jetpack_dont_email_post_to_subs":false,"_jetpack_newsletter_tier_id":0,"_jetpack_memberships_contains_paywalled_content":false,"_jetpack_memberships_contains_paid_content":false,"footnotes":""},"categories":[1],"tags":[],"class_list":["post-3903","post","type-post","status-publish","format-standard","has-post-thumbnail","hentry","category-allgemein"],"blocksy_meta":{"styles_descriptor":{"styles":{"desktop":"","tablet":"","mobile":""},"google_fonts":[],"version":6}},"featured_image_urls_v2":{"full":["https:\/\/i0.wp.com\/www.fz-rauenspurg.de\/wp-content\/uploads\/Violet-and-Red-Neon-Noir-Fitness-Influencer-Youtube-Thumbnail-Set.png?fit=1280%2C720&ssl=1",1280,720,false],"thumbnail":["https:\/\/i0.wp.com\/www.fz-rauenspurg.de\/wp-content\/uploads\/Violet-and-Red-Neon-Noir-Fitness-Influencer-Youtube-Thumbnail-Set.png?resize=150%2C150&ssl=1",150,150,true],"medium":["https:\/\/i0.wp.com\/www.fz-rauenspurg.de\/wp-content\/uploads\/Violet-and-Red-Neon-Noir-Fitness-Influencer-Youtube-Thumbnail-Set.png?fit=300%2C169&ssl=1",300,169,true],"medium_large":["https:\/\/i0.wp.com\/www.fz-rauenspurg.de\/wp-content\/uploads\/Violet-and-Red-Neon-Noir-Fitness-Influencer-Youtube-Thumbnail-Set.png?fit=768%2C432&ssl=1",768,432,true],"large":["https:\/\/i0.wp.com\/www.fz-rauenspurg.de\/wp-content\/uploads\/Violet-and-Red-Neon-Noir-Fitness-Influencer-Youtube-Thumbnail-Set.png?fit=1024%2C576&ssl=1",1024,576,true],"timeline-express":["https:\/\/i0.wp.com\/www.fz-rauenspurg.de\/wp-content\/uploads\/Violet-and-Red-Neon-Noir-Fitness-Influencer-Youtube-Thumbnail-Set.png?resize=350%2C120&ssl=1",350,120,true],"timeline-express-thumbnail":["https:\/\/i0.wp.com\/www.fz-rauenspurg.de\/wp-content\/uploads\/Violet-and-Red-Neon-Noir-Fitness-Influencer-Youtube-Thumbnail-Set.png?resize=200%2C120&ssl=1",200,120,true],"1536x1536":["https:\/\/i0.wp.com\/www.fz-rauenspurg.de\/wp-content\/uploads\/Violet-and-Red-Neon-Noir-Fitness-Influencer-Youtube-Thumbnail-Set.png?fit=1280%2C720&ssl=1",1280,720,true],"2048x2048":["https:\/\/i0.wp.com\/www.fz-rauenspurg.de\/wp-content\/uploads\/Violet-and-Red-Neon-Noir-Fitness-Influencer-Youtube-Thumbnail-Set.png?fit=1280%2C720&ssl=1",1280,720,true],"trp-custom-language-flag":["https:\/\/i0.wp.com\/www.fz-rauenspurg.de\/wp-content\/uploads\/Violet-and-Red-Neon-Noir-Fitness-Influencer-Youtube-Thumbnail-Set.png?fit=18%2C10&ssl=1",18,10,true],"sow-carousel-default":["https:\/\/i0.wp.com\/www.fz-rauenspurg.de\/wp-content\/uploads\/Violet-and-Red-Neon-Noir-Fitness-Influencer-Youtube-Thumbnail-Set.png?resize=272%2C182&ssl=1",272,182,true]},"post_excerpt_stackable_v2":"<p>Sehr geehrte Mitglieder, G\u00f6nner und Freunde,es ist offiziell: Leider wird unser Jubil\u00e4um dieses Jahr unter keinen Umst\u00e4nden vor Ort in Ravensburg stattfinden k\u00f6nnen. Wie viele von Euch sind auch wir entt\u00e4uscht, denn als Verein arbeiten wir seit \u00fcber einem Jahr an unserem Jubil\u00e4um #FZRFUFFZIG, genau wie unser Partner live.in.Ravensburg. Uns ist jedoch auch klar, dass wir angesichts der COVID-19-Pandemie zusammenhalten m\u00fcssen. Das bedeutet, dass wir alle R\u00fccksicht nehmen und das Infektionsrisiko verringern m\u00fcssen.Es war in letzter Zeit etwas ruhiger hier, denn wir haben im Hintergrund mit allen Kr\u00e4ften f\u00fcr Euch einem neuen Termin gearbeitet. Dabei ist f\u00fcr uns entscheidend wie&hellip;<\/p>\n","category_list_v2":"<a href=\"https:\/\/www.fz-rauenspurg.de\/en\/allgemein\/\" rel=\"category tag\">Allgemein<\/a>","author_info_v2":{"name":"Lukas","url":"https:\/\/www.fz-rauenspurg.de\/en\/author\/lukasmueller\/"},"comments_num_v2":"0 comments","yoast_head":"<!-- This site is optimized with the Yoast SEO plugin v27.5 - https:\/\/yoast.com\/product\/yoast-seo-wordpress\/ -->\n<title>Wie steht es um Rauenspurg Fuffzig ? &#8226; Fanfarenzug Rauenspurg e.V.<\/title>\n<meta name=\"robots\" content=\"noindex, follow\" \/>\n<meta property=\"og:locale\" content=\"en_US\" \/>\n<meta property=\"og:type\" content=\"article\" \/>\n<meta property=\"og:title\" content=\"Wie steht es um Rauenspurg Fuffzig ? &#8226; Fanfarenzug Rauenspurg e.V.\" \/>\n<meta property=\"og:description\" content=\"Sehr geehrte Mitglieder, G\u00f6nner und Freunde, es ist offiziell: Leider wird unser Jubil\u00e4um dieses Jahr unter keinen Umst\u00e4nden vor Ort in Ravensburg stattfinden k\u00f6nnen. Wie viele von Euch sind auch [&hellip;]\" \/>\n<meta property=\"og:url\" content=\"https:\/\/www.fz-rauenspurg.de\/en\/wie-steht-es-um-rauenspurg-fuffzig\/\" \/>\n<meta property=\"og:site_name\" content=\"Fanfarenzug Rauenspurg e.V.\" \/>\n<meta property=\"article:publisher\" content=\"http:\/\/www.facebook.com\/fanfarenzug.rauenspurg.e.v.\" \/>\n<meta property=\"article:published_time\" content=\"2020-08-17T09:00:00+00:00\" \/>\n<meta property=\"article:modified_time\" content=\"2020-08-19T12:39:25+00:00\" \/>\n<meta property=\"og:image\" content=\"https:\/\/i0.wp.com\/www.fz-rauenspurg.de\/wp-content\/uploads\/Violet-and-Red-Neon-Noir-Fitness-Influencer-Youtube-Thumbnail-Set.png?fit=1280%2C720&ssl=1\" \/>\n\t<meta property=\"og:image:width\" content=\"1280\" \/>\n\t<meta property=\"og:image:height\" content=\"720\" \/>\n\t<meta property=\"og:image:type\" content=\"image\/png\" \/>\n<meta name=\"author\" content=\"Lukas\" \/>\n<meta name=\"twitter:card\" content=\"summary_large_image\" \/>\n<meta name=\"twitter:creator\" content=\"@rauenspurg\" \/>\n<meta name=\"twitter:site\" content=\"@rauenspurg\" \/>\n<meta name=\"twitter:label1\" content=\"Written by\" \/>\n\t<meta name=\"twitter:data1\" content=\"Lukas\" \/>\n\t<meta name=\"twitter:label2\" content=\"Est. reading time\" \/>\n\t<meta name=\"twitter:data2\" content=\"1 minute\" \/>\n<script type=\"application\/ld+json\" class=\"yoast-schema-graph\">{\"@context\":\"https:\\\/\\\/schema.org\",\"@graph\":[{\"@type\":\"Article\",\"@id\":\"https:\\\/\\\/www.fz-rauenspurg.de\\\/en\\\/wie-steht-es-um-rauenspurg-fuffzig\\\/#article\",\"isPartOf\":{\"@id\":\"https:\\\/\\\/www.fz-rauenspurg.de\\\/en\\\/wie-steht-es-um-rauenspurg-fuffzig\\\/\"},\"author\":{\"name\":\"Lukas\",\"@id\":\"https:\\\/\\\/www.fz-rauenspurg.de\\\/#\\\/schema\\\/person\\\/acf9ca42ad6beddb3dbb4e3e5b8b9aaf\"},\"headline\":\"Wie steht es um Rauenspurg Fuffzig ?\",\"datePublished\":\"2020-08-17T09:00:00+00:00\",\"dateModified\":\"2020-08-19T12:39:25+00:00\",\"mainEntityOfPage\":{\"@id\":\"https:\\\/\\\/www.fz-rauenspurg.de\\\/en\\\/wie-steht-es-um-rauenspurg-fuffzig\\\/\"},\"wordCount\":226,\"publisher\":{\"@id\":\"https:\\\/\\\/www.fz-rauenspurg.de\\\/#organization\"},\"image\":{\"@id\":\"https:\\\/\\\/www.fz-rauenspurg.de\\\/en\\\/wie-steht-es-um-rauenspurg-fuffzig\\\/#primaryimage\"},\"thumbnailUrl\":\"https:\\\/\\\/i0.wp.com\\\/www.fz-rauenspurg.de\\\/wp-content\\\/uploads\\\/Violet-and-Red-Neon-Noir-Fitness-Influencer-Youtube-Thumbnail-Set.png?fit=1280%2C720&ssl=1\",\"articleSection\":[\"Allgemein\"],\"inLanguage\":\"en-US\"},{\"@type\":\"WebPage\",\"@id\":\"https:\\\/\\\/www.fz-rauenspurg.de\\\/en\\\/wie-steht-es-um-rauenspurg-fuffzig\\\/\",\"url\":\"https:\\\/\\\/www.fz-rauenspurg.de\\\/en\\\/wie-steht-es-um-rauenspurg-fuffzig\\\/\",\"name\":\"Wie steht es um Rauenspurg Fuffzig ? &#8226; Fanfarenzug Rauenspurg e.V.\",\"isPartOf\":{\"@id\":\"https:\\\/\\\/www.fz-rauenspurg.de\\\/#website\"},\"primaryImageOfPage\":{\"@id\":\"https:\\\/\\\/www.fz-rauenspurg.de\\\/en\\\/wie-steht-es-um-rauenspurg-fuffzig\\\/#primaryimage\"},\"image\":{\"@id\":\"https:\\\/\\\/www.fz-rauenspurg.de\\\/en\\\/wie-steht-es-um-rauenspurg-fuffzig\\\/#primaryimage\"},\"thumbnailUrl\":\"https:\\\/\\\/i0.wp.com\\\/www.fz-rauenspurg.de\\\/wp-content\\\/uploads\\\/Violet-and-Red-Neon-Noir-Fitness-Influencer-Youtube-Thumbnail-Set.png?fit=1280%2C720&ssl=1\",\"datePublished\":\"2020-08-17T09:00:00+00:00\",\"dateModified\":\"2020-08-19T12:39:25+00:00\",\"breadcrumb\":{\"@id\":\"https:\\\/\\\/www.fz-rauenspurg.de\\\/en\\\/wie-steht-es-um-rauenspurg-fuffzig\\\/#breadcrumb\"},\"inLanguage\":\"en-US\",\"potentialAction\":[{\"@type\":\"ReadAction\",\"target\":[\"https:\\\/\\\/www.fz-rauenspurg.de\\\/en\\\/wie-steht-es-um-rauenspurg-fuffzig\\\/\"]}]},{\"@type\":\"ImageObject\",\"inLanguage\":\"en-US\",\"@id\":\"https:\\\/\\\/www.fz-rauenspurg.de\\\/en\\\/wie-steht-es-um-rauenspurg-fuffzig\\\/#primaryimage\",\"url\":\"https:\\\/\\\/i0.wp.com\\\/www.fz-rauenspurg.de\\\/wp-content\\\/uploads\\\/Violet-and-Red-Neon-Noir-Fitness-Influencer-Youtube-Thumbnail-Set.png?fit=1280%2C720&ssl=1\",\"contentUrl\":\"https:\\\/\\\/i0.wp.com\\\/www.fz-rauenspurg.de\\\/wp-content\\\/uploads\\\/Violet-and-Red-Neon-Noir-Fitness-Influencer-Youtube-Thumbnail-Set.png?fit=1280%2C720&ssl=1\",\"width\":1280,\"height\":720},{\"@type\":\"BreadcrumbList\",\"@id\":\"https:\\\/\\\/www.fz-rauenspurg.de\\\/en\\\/wie-steht-es-um-rauenspurg-fuffzig\\\/#breadcrumb\",\"itemListElement\":[{\"@type\":\"ListItem\",\"position\":1,\"name\":\"Startseite\",\"item\":\"https:\\\/\\\/www.fz-rauenspurg.de\\\/\"},{\"@type\":\"ListItem\",\"position\":2,\"name\":\"Wie steht es um Rauenspurg Fuffzig ?\"}]},{\"@type\":\"WebSite\",\"@id\":\"https:\\\/\\\/www.fz-rauenspurg.de\\\/#website\",\"url\":\"https:\\\/\\\/www.fz-rauenspurg.de\\\/\",\"name\":\"Fanfarenzug Rauenspurg e.V.\",\"description\":\"der Stadt Ravensburg\",\"publisher\":{\"@id\":\"https:\\\/\\\/www.fz-rauenspurg.de\\\/#organization\"},\"potentialAction\":[{\"@type\":\"SearchAction\",\"target\":{\"@type\":\"EntryPoint\",\"urlTemplate\":\"https:\\\/\\\/www.fz-rauenspurg.de\\\/?s={search_term_string}\"},\"query-input\":{\"@type\":\"PropertyValueSpecification\",\"valueRequired\":true,\"valueName\":\"search_term_string\"}}],\"inLanguage\":\"en-US\"},{\"@type\":\"Organization\",\"@id\":\"https:\\\/\\\/www.fz-rauenspurg.de\\\/#organization\",\"name\":\"Fanfarenzug Rauenspurg e.V. der Stadt Ravensburg\",\"url\":\"https:\\\/\\\/www.fz-rauenspurg.de\\\/\",\"logo\":{\"@type\":\"ImageObject\",\"inLanguage\":\"en-US\",\"@id\":\"https:\\\/\\\/www.fz-rauenspurg.de\\\/#\\\/schema\\\/logo\\\/image\\\/\",\"url\":\"https:\\\/\\\/i0.wp.com\\\/www.fz-rauenspurg.de\\\/wp-content\\\/uploads\\\/cropped-20190515_FZR_Logo-Neu-7.png?fit=4167%2C4167&ssl=1\",\"contentUrl\":\"https:\\\/\\\/i0.wp.com\\\/www.fz-rauenspurg.de\\\/wp-content\\\/uploads\\\/cropped-20190515_FZR_Logo-Neu-7.png?fit=4167%2C4167&ssl=1\",\"width\":4167,\"height\":4167,\"caption\":\"Fanfarenzug Rauenspurg e.V. der Stadt Ravensburg\"},\"image\":{\"@id\":\"https:\\\/\\\/www.fz-rauenspurg.de\\\/#\\\/schema\\\/logo\\\/image\\\/\"},\"sameAs\":[\"http:\\\/\\\/www.facebook.com\\\/fanfarenzug.rauenspurg.e.v.\",\"https:\\\/\\\/x.com\\\/rauenspurg\",\"https:\\\/\\\/www.instagram.com\\\/fanfarenzug.rauenspurg\\\/\",\"https:\\\/\\\/open.spotify.com\\\/artist\\\/1T9nl7w34CIHZa2hI57Il3?si=Wg7bL2dAQYuxixd4g4dTtQ\"]},{\"@type\":\"Person\",\"@id\":\"https:\\\/\\\/www.fz-rauenspurg.de\\\/#\\\/schema\\\/person\\\/acf9ca42ad6beddb3dbb4e3e5b8b9aaf\",\"name\":\"Lukas\",\"image\":{\"@type\":\"ImageObject\",\"inLanguage\":\"en-US\",\"@id\":\"https:\\\/\\\/secure.gravatar.com\\\/avatar\\\/272db67f26ffd9862bc906545f502f6a514aefa848f25dd64a1d0776dfdeef1a?s=96&d=mm&r=g\",\"url\":\"https:\\\/\\\/secure.gravatar.com\\\/avatar\\\/272db67f26ffd9862bc906545f502f6a514aefa848f25dd64a1d0776dfdeef1a?s=96&d=mm&r=g\",\"contentUrl\":\"https:\\\/\\\/secure.gravatar.com\\\/avatar\\\/272db67f26ffd9862bc906545f502f6a514aefa848f25dd64a1d0776dfdeef1a?s=96&d=mm&r=g\",\"caption\":\"Lukas\"}}]}<\/script>\n<!-- \/ Yoast SEO plugin. -->","yoast_head_json":{"title":"Wie steht es um Rauenspurg Fuffzig ? &#8226; Fanfarenzug Rauenspurg e.V.","robots":{"index":"noindex","follow":"follow"},"og_locale":"en_US","og_type":"article","og_title":"Wie steht es um Rauenspurg Fuffzig ? &#8226; Fanfarenzug Rauenspurg e.V.","og_description":"Sehr geehrte Mitglieder, G\u00f6nner und Freunde, es ist offiziell: Leider wird unser Jubil\u00e4um dieses Jahr unter keinen Umst\u00e4nden vor Ort in Ravensburg stattfinden k\u00f6nnen. Wie viele von Euch sind auch [&hellip;]","og_url":"https:\/\/www.fz-rauenspurg.de\/en\/wie-steht-es-um-rauenspurg-fuffzig\/","og_site_name":"Fanfarenzug Rauenspurg e.V.","article_publisher":"http:\/\/www.facebook.com\/fanfarenzug.rauenspurg.e.v.","article_published_time":"2020-08-17T09:00:00+00:00","article_modified_time":"2020-08-19T12:39:25+00:00","og_image":[{"width":1280,"height":720,"url":"https:\/\/i0.wp.com\/www.fz-rauenspurg.de\/wp-content\/uploads\/Violet-and-Red-Neon-Noir-Fitness-Influencer-Youtube-Thumbnail-Set.png?fit=1280%2C720&ssl=1","type":"image\/png"}],"author":"Lukas","twitter_card":"summary_large_image","twitter_creator":"@rauenspurg","twitter_site":"@rauenspurg","twitter_misc":{"Written by":"Lukas","Est. reading time":"1 minute"},"schema":{"@context":"https:\/\/schema.org","@graph":[{"@type":"Article","@id":"https:\/\/www.fz-rauenspurg.de\/en\/wie-steht-es-um-rauenspurg-fuffzig\/#article","isPartOf":{"@id":"https:\/\/www.fz-rauenspurg.de\/en\/wie-steht-es-um-rauenspurg-fuffzig\/"},"author":{"name":"Lukas","@id":"https:\/\/www.fz-rauenspurg.de\/#\/schema\/person\/acf9ca42ad6beddb3dbb4e3e5b8b9aaf"},"headline":"Wie steht es um Rauenspurg Fuffzig ?","datePublished":"2020-08-17T09:00:00+00:00","dateModified":"2020-08-19T12:39:25+00:00","mainEntityOfPage":{"@id":"https:\/\/www.fz-rauenspurg.de\/en\/wie-steht-es-um-rauenspurg-fuffzig\/"},"wordCount":226,"publisher":{"@id":"https:\/\/www.fz-rauenspurg.de\/#organization"},"image":{"@id":"https:\/\/www.fz-rauenspurg.de\/en\/wie-steht-es-um-rauenspurg-fuffzig\/#primaryimage"},"thumbnailUrl":"https:\/\/i0.wp.com\/www.fz-rauenspurg.de\/wp-content\/uploads\/Violet-and-Red-Neon-Noir-Fitness-Influencer-Youtube-Thumbnail-Set.png?fit=1280%2C720&ssl=1","articleSection":["Allgemein"],"inLanguage":"en-US"},{"@type":"WebPage","@id":"https:\/\/www.fz-rauenspurg.de\/en\/wie-steht-es-um-rauenspurg-fuffzig\/","url":"https:\/\/www.fz-rauenspurg.de\/en\/wie-steht-es-um-rauenspurg-fuffzig\/","name":"Wie steht es um Rauenspurg Fuffzig ? &#8226; Fanfarenzug Rauenspurg e.V.","isPartOf":{"@id":"https:\/\/www.fz-rauenspurg.de\/#website"},"primaryImageOfPage":{"@id":"https:\/\/www.fz-rauenspurg.de\/en\/wie-steht-es-um-rauenspurg-fuffzig\/#primaryimage"},"image":{"@id":"https:\/\/www.fz-rauenspurg.de\/en\/wie-steht-es-um-rauenspurg-fuffzig\/#primaryimage"},"thumbnailUrl":"https:\/\/i0.wp.com\/www.fz-rauenspurg.de\/wp-content\/uploads\/Violet-and-Red-Neon-Noir-Fitness-Influencer-Youtube-Thumbnail-Set.png?fit=1280%2C720&ssl=1","datePublished":"2020-08-17T09:00:00+00:00","dateModified":"2020-08-19T12:39:25+00:00","breadcrumb":{"@id":"https:\/\/www.fz-rauenspurg.de\/en\/wie-steht-es-um-rauenspurg-fuffzig\/#breadcrumb"},"inLanguage":"en-US","potentialAction":[{"@type":"ReadAction","target":["https:\/\/www.fz-rauenspurg.de\/en\/wie-steht-es-um-rauenspurg-fuffzig\/"]}]},{"@type":"ImageObject","inLanguage":"en-US","@id":"https:\/\/www.fz-rauenspurg.de\/en\/wie-steht-es-um-rauenspurg-fuffzig\/#primaryimage","url":"https:\/\/i0.wp.com\/www.fz-rauenspurg.de\/wp-content\/uploads\/Violet-and-Red-Neon-Noir-Fitness-Influencer-Youtube-Thumbnail-Set.png?fit=1280%2C720&ssl=1","contentUrl":"https:\/\/i0.wp.com\/www.fz-rauenspurg.de\/wp-content\/uploads\/Violet-and-Red-Neon-Noir-Fitness-Influencer-Youtube-Thumbnail-Set.png?fit=1280%2C720&ssl=1","width":1280,"height":720},{"@type":"BreadcrumbList","@id":"https:\/\/www.fz-rauenspurg.de\/en\/wie-steht-es-um-rauenspurg-fuffzig\/#breadcrumb","itemListElement":[{"@type":"ListItem","position":1,"name":"Startseite","item":"https:\/\/www.fz-rauenspurg.de\/"},{"@type":"ListItem","position":2,"name":"Wie steht es um Rauenspurg Fuffzig ?"}]},{"@type":"WebSite","@id":"https:\/\/www.fz-rauenspurg.de\/#website","url":"https:\/\/www.fz-rauenspurg.de\/","name":"Fanfarenzug Rauenspurg e.V.","description":"der Stadt Ravensburg","publisher":{"@id":"https:\/\/www.fz-rauenspurg.de\/#organization"},"potentialAction":[{"@type":"SearchAction","target":{"@type":"EntryPoint","urlTemplate":"https:\/\/www.fz-rauenspurg.de\/?s={search_term_string}"},"query-input":{"@type":"PropertyValueSpecification","valueRequired":true,"valueName":"search_term_string"}}],"inLanguage":"en-US"},{"@type":"Organization","@id":"https:\/\/www.fz-rauenspurg.de\/#organization","name":"Fanfarenzug Rauenspurg e.V. der Stadt Ravensburg","url":"https:\/\/www.fz-rauenspurg.de\/","logo":{"@type":"ImageObject","inLanguage":"en-US","@id":"https:\/\/www.fz-rauenspurg.de\/#\/schema\/logo\/image\/","url":"https:\/\/i0.wp.com\/www.fz-rauenspurg.de\/wp-content\/uploads\/cropped-20190515_FZR_Logo-Neu-7.png?fit=4167%2C4167&ssl=1","contentUrl":"https:\/\/i0.wp.com\/www.fz-rauenspurg.de\/wp-content\/uploads\/cropped-20190515_FZR_Logo-Neu-7.png?fit=4167%2C4167&ssl=1","width":4167,"height":4167,"caption":"Fanfarenzug Rauenspurg e.V. der Stadt Ravensburg"},"image":{"@id":"https:\/\/www.fz-rauenspurg.de\/#\/schema\/logo\/image\/"},"sameAs":["http:\/\/www.facebook.com\/fanfarenzug.rauenspurg.e.v.","https:\/\/x.com\/rauenspurg","https:\/\/www.instagram.com\/fanfarenzug.rauenspurg\/","https:\/\/open.spotify.com\/artist\/1T9nl7w34CIHZa2hI57Il3?si=Wg7bL2dAQYuxixd4g4dTtQ"]},{"@type":"Person","@id":"https:\/\/www.fz-rauenspurg.de\/#\/schema\/person\/acf9ca42ad6beddb3dbb4e3e5b8b9aaf","name":"Lukas","image":{"@type":"ImageObject","inLanguage":"en-US","@id":"https:\/\/secure.gravatar.com\/avatar\/272db67f26ffd9862bc906545f502f6a514aefa848f25dd64a1d0776dfdeef1a?s=96&d=mm&r=g","url":"https:\/\/secure.gravatar.com\/avatar\/272db67f26ffd9862bc906545f502f6a514aefa848f25dd64a1d0776dfdeef1a?s=96&d=mm&r=g","contentUrl":"https:\/\/secure.gravatar.com\/avatar\/272db67f26ffd9862bc906545f502f6a514aefa848f25dd64a1d0776dfdeef1a?s=96&d=mm&r=g","caption":"Lukas"}}]}},"jetpack_featured_media_url":"https:\/\/i0.wp.com\/www.fz-rauenspurg.de\/wp-content\/uploads\/Violet-and-Red-Neon-Noir-Fitness-Influencer-Youtube-Thumbnail-Set.png?fit=1280%2C720&ssl=1","jetpack_sharing_enabled":true,"jetpack_shortlink":"https:\/\/wp.me\/p7EInt-10X","_links":{"self":[{"href":"https:\/\/www.fz-rauenspurg.de\/en\/wp-json\/wp\/v2\/posts\/3903","targetHints":{"allow":["GET"]}}],"collection":[{"href":"https:\/\/www.fz-rauenspurg.de\/en\/wp-json\/wp\/v2\/posts"}],"about":[{"href":"https:\/\/www.fz-rauenspurg.de\/en\/wp-json\/wp\/v2\/types\/post"}],"author":[{"embeddable":true,"href":"https:\/\/www.fz-rauenspurg.de\/en\/wp-json\/wp\/v2\/users\/6"}],"replies":[{"embeddable":true,"href":"https:\/\/www.fz-rauenspurg.de\/en\/wp-json\/wp\/v2\/comments?post=3903"}],"version-history":[{"count":3,"href":"https:\/\/www.fz-rauenspurg.de\/en\/wp-json\/wp\/v2\/posts\/3903\/revisions"}],"predecessor-version":[{"id":3907,"href":"https:\/\/www.fz-rauenspurg.de\/en\/wp-json\/wp\/v2\/posts\/3903\/revisions\/3907"}],"wp:featuredmedia":[{"embeddable":true,"href":"https:\/\/www.fz-rauenspurg.de\/en\/wp-json\/wp\/v2\/media\/3906"}],"wp:attachment":[{"href":"https:\/\/www.fz-rauenspurg.de\/en\/wp-json\/wp\/v2\/media?parent=3903"}],"wp:term":[{"taxonomy":"category","embeddable":true,"href":"https:\/\/www.fz-rauenspurg.de\/en\/wp-json\/wp\/v2\/categories?post=3903"},{"taxonomy":"post_tag","embeddable":true,"href":"https:\/\/www.fz-rauenspurg.de\/en\/wp-json\/wp\/v2\/tags?post=3903"}],"curies":[{"name":"wp","href":"https:\/\/api.w.org\/{rel}","templated":true}]}}