{"id":3726,"date":"2020-03-14T18:00:51","date_gmt":"2020-03-14T17:00:51","guid":{"rendered":"https:\/\/www.fz-rauenspurg.de\/?p=3726"},"modified":"2020-03-31T08:55:03","modified_gmt":"2020-03-31T07:55:03","slug":"mitgliederversammlung","status":"publish","type":"post","link":"https:\/\/www.fz-rauenspurg.de\/en\/mitgliederversammlung\/","title":{"rendered":"Mitgliederversammlung"},"content":{"rendered":"<div data-elementor-type=\"wp-post\" data-elementor-id=\"3726\" class=\"elementor elementor-3726\">\n\t\t\t\t\t\t<section class=\"elementor-section elementor-top-section elementor-element elementor-element-1c1de1b elementor-section-boxed elementor-section-height-default elementor-section-height-default\" data-id=\"1c1de1b\" data-element_type=\"section\" data-e-type=\"section\">\n\t\t\t\t\t\t<div class=\"elementor-container elementor-column-gap-default\">\n\t\t\t\t\t<div class=\"elementor-column elementor-col-100 elementor-top-column elementor-element elementor-element-5b3e84d\" data-id=\"5b3e84d\" data-element_type=\"column\" data-e-type=\"column\">\n\t\t\t<div class=\"elementor-widget-wrap elementor-element-populated\">\n\t\t\t\t\t\t<div class=\"elementor-element elementor-element-c3089f0 elementor-widget elementor-widget-heading\" data-id=\"c3089f0\" data-element_type=\"widget\" data-e-type=\"widget\" data-widget_type=\"heading.default\">\n\t\t\t\t<div class=\"elementor-widget-container\">\n\t\t\t\t\t<h2 class=\"elementor-heading-title elementor-size-default\">Der Fanfarenzug Rauenspurg e.V. hat bei seiner Jahreshauptversammlung eine neue Vorstandschaft gew\u00e4hlt.<\/h2>\t\t\t\t<\/div>\n\t\t\t\t<\/div>\n\t\t\t\t\t<\/div>\n\t\t<\/div>\n\t\t\t\t\t<\/div>\n\t\t<\/section>\n\t\t\t\t<section class=\"elementor-section elementor-top-section elementor-element elementor-element-78f4d3c elementor-section-boxed elementor-section-height-default elementor-section-height-default\" data-id=\"78f4d3c\" data-element_type=\"section\" data-e-type=\"section\">\n\t\t\t\t\t\t<div class=\"elementor-container elementor-column-gap-default\">\n\t\t\t\t\t<div class=\"elementor-column elementor-col-100 elementor-top-column elementor-element elementor-element-c37f9cf\" data-id=\"c37f9cf\" data-element_type=\"column\" data-e-type=\"column\">\n\t\t\t<div class=\"elementor-widget-wrap elementor-element-populated\">\n\t\t\t\t\t\t<div class=\"elementor-element elementor-element-5a1e59c elementor-widget elementor-widget-text-editor\" data-id=\"5a1e59c\" data-element_type=\"widget\" data-e-type=\"widget\" data-widget_type=\"text-editor.default\">\n\t\t\t\t<div class=\"elementor-widget-container\">\n\t\t\t\t\t\t\t\t\t<p>Die diesj\u00e4hrige JHV fand am 13.03.2020 im eigenen Vereinsheim in der H\u00f6ll statt.<\/p>\n<p><span>Zu Beginn der Versammlung lie\u00df der 1. Vorsitzende Frederic Teste das vergangene Jahr 2019 nochmals Revue passieren, besonders hervorzuheben waren nat\u00fcrlich das&nbsp;<\/span><span><a class=\"oajrlxb2 g5ia77u1 qu0x051f esr5mh6w e9989ue4 r7d6kgcz rq0escxv nhd2j8a9 nc684nl6 p7hjln8o kvgmc6g5 cxmmr5t8 oygrvhab hcukyx3x jb3vyjys rz4wbd8a qt6c0cv9 a8nywdso i1ao9s8h esuyzwwr f1sip0of lzcic4wl oo9gr5id gpro0wi8 lrazzd5p\" href=\"https:\/\/www.facebook.com\/hashtag\/rutenfest?__tn__=*NK*F\" role=\"link\" tabindex=\"0\">#Rutenfest<\/a><\/span><span>&nbsp;2019 als Hauptevent jeden Jahres, sowie das gemeinsame Platzkonzert auf dem Marienplatz mit den \u2018Oldies\u2018. Neben zahlreichen Auftritten auf Narrenspr\u00fcngen in der Region, sowie dem eigenen Ball in unserem Vereinsheim in der H\u00f6ll, sind es vor allem die musikalische Er\u00f6ffnung der MILKA im Konzerthaus und die erneut erfolgreiche Bewirtung der MILKA-Bar, welche uns Rauenspurger in der f\u00fcnften Jahreszeit besch\u00e4ftigten.<\/span><\/p>\n<p><span>Es folgten die Berichte des Schriftf\u00fchrers<\/span><span aria-label=\"\u270d\ufe0f\" class=\"q9uorilb tbxw36s4 knj5qynh kvgmc6g5 ditlmg2l oygrvhab nvdbi5me fgm26odu gl3lb2sf hhz5lgdu\"><span aria-hidden=\"true\"><img decoding=\"async\" height=\"16\" data-src=\"https:\/\/static.xx.fbcdn.net\/images\/emoji.php\/v9\/te2\/1\/16\/270d.png\" width=\"16\" alt=\"\" src=\"data:image\/svg+xml;base64,PHN2ZyB3aWR0aD0iMSIgaGVpZ2h0PSIxIiB4bWxucz0iaHR0cDovL3d3dy53My5vcmcvMjAwMC9zdmciPjwvc3ZnPg==\" class=\"lazyload\" style=\"--smush-placeholder-width: 16px; --smush-placeholder-aspect-ratio: 16\/16;\" \/><\/span><\/span><span>Lukas M\u00fcller, sowie des Kassiers&nbsp;<\/span><span aria-label=\"\ud83d\udcb3\" class=\"q9uorilb tbxw36s4 knj5qynh kvgmc6g5 ditlmg2l oygrvhab nvdbi5me fgm26odu gl3lb2sf hhz5lgdu\"><span aria-hidden=\"true\"><img decoding=\"async\" height=\"16\" data-src=\"https:\/\/static.xx.fbcdn.net\/images\/emoji.php\/v9\/tdd\/1\/16\/1f4b3.png\" width=\"16\" alt=\"\" src=\"data:image\/svg+xml;base64,PHN2ZyB3aWR0aD0iMSIgaGVpZ2h0PSIxIiB4bWxucz0iaHR0cDovL3d3dy53My5vcmcvMjAwMC9zdmciPjwvc3ZnPg==\" class=\"lazyload\" style=\"--smush-placeholder-width: 16px; --smush-placeholder-aspect-ratio: 16\/16;\" \/><\/span><\/span><span>&nbsp;Oliver Gli\u00dfmeier. Die beiden Kassenpr\u00fcfer best\u00e4tigten unserem Kassier eine einwandfreie und vorbildliche Kassenf\u00fchrung. Die Entlastung des gesamten Vorstandes war somit reine Formsache.<\/span><\/p>\n<p><span>Bei der anstehenden Neuwahl&nbsp;<\/span><span aria-label=\"\ud83d\uddf3\ufe0f\" class=\"q9uorilb tbxw36s4 knj5qynh kvgmc6g5 ditlmg2l oygrvhab nvdbi5me fgm26odu gl3lb2sf hhz5lgdu\"><span aria-hidden=\"true\"><img decoding=\"async\" height=\"16\" data-src=\"https:\/\/static.xx.fbcdn.net\/images\/emoji.php\/v9\/t9a\/1\/16\/1f5f3.png\" width=\"16\" alt=\"\" src=\"data:image\/svg+xml;base64,PHN2ZyB3aWR0aD0iMSIgaGVpZ2h0PSIxIiB4bWxucz0iaHR0cDovL3d3dy53My5vcmcvMjAwMC9zdmciPjwvc3ZnPg==\" class=\"lazyload\" style=\"--smush-placeholder-width: 16px; --smush-placeholder-aspect-ratio: 16\/16;\" \/><\/span><\/span><span>&nbsp;der gesamten Vorstandschaft stand Florian Wimmer nicht mehr zur Verf\u00fcgung<\/span><span>, die jeweiligen Posten mussten demnach neu besetzt werden. Die amtierende Vorstandschaft pr\u00e4sentierte den anwesenden Mitgliedern einen Wahlvorschlag, welcher bei der folgenden Wahl auch best\u00e4tigt wurde:<\/span><\/p>\n<p><span>1. Vorsitzender: Frederic Teste (im Amt best\u00e4tigt)<\/span><br \/><span>2. Vorsitzender: Maximilian Sedelmayr&nbsp; &nbsp; &nbsp; &nbsp; &nbsp; &nbsp; &nbsp; &nbsp; &nbsp; &nbsp; &nbsp; &nbsp; &nbsp; &nbsp; &nbsp; &nbsp; &nbsp; &nbsp; &nbsp; &nbsp; &nbsp; &nbsp; &nbsp; &nbsp; &nbsp; &nbsp; &nbsp; &nbsp; &nbsp; &nbsp; &nbsp; &nbsp; &nbsp; &nbsp; &nbsp; &nbsp; &nbsp; &nbsp; &nbsp; &nbsp; &nbsp; &nbsp; &nbsp; &nbsp; &nbsp; &nbsp; &nbsp; &nbsp; &nbsp; &nbsp; &nbsp; &nbsp; &nbsp; &nbsp; &nbsp; &nbsp; &nbsp; &nbsp; &nbsp; &nbsp; &nbsp; &nbsp; &nbsp; &nbsp; &nbsp; &nbsp; &nbsp; &nbsp; &nbsp; &nbsp; &nbsp; &nbsp; &nbsp; Musikalischer Leiter: Fabio Santarossa (im Amt best\u00e4tigt)&nbsp; &nbsp; &nbsp; &nbsp; &nbsp; &nbsp; &nbsp; &nbsp; &nbsp; &nbsp; &nbsp; &nbsp; &nbsp; &nbsp; &nbsp; &nbsp; &nbsp; &nbsp; &nbsp; &nbsp; &nbsp; &nbsp; &nbsp; &nbsp; &nbsp; &nbsp; &nbsp; &nbsp; &nbsp; &nbsp; &nbsp; &nbsp; &nbsp; &nbsp; &nbsp; &nbsp; &nbsp; &nbsp; &nbsp; &nbsp; &nbsp; &nbsp; &nbsp; &nbsp; &nbsp; &nbsp; &nbsp; &nbsp; &nbsp; &nbsp; &nbsp; &nbsp; &nbsp; &nbsp; &nbsp; Kassier: Oliver Gli\u00dfmeier (im Amt best\u00e4tigt)&nbsp; &nbsp; &nbsp; &nbsp; &nbsp; &nbsp; &nbsp; &nbsp; &nbsp; &nbsp; &nbsp; &nbsp; &nbsp; &nbsp; &nbsp; &nbsp; &nbsp; &nbsp; &nbsp; &nbsp; &nbsp; &nbsp; &nbsp; &nbsp; &nbsp; &nbsp; &nbsp; &nbsp; &nbsp; &nbsp; &nbsp; &nbsp; &nbsp; &nbsp; &nbsp; &nbsp; &nbsp; &nbsp; &nbsp; &nbsp; &nbsp; &nbsp; &nbsp; &nbsp; &nbsp; &nbsp; &nbsp; &nbsp; &nbsp; &nbsp; &nbsp; &nbsp; &nbsp; &nbsp; &nbsp; &nbsp; &nbsp; &nbsp; &nbsp; &nbsp; &nbsp; &nbsp; &nbsp; &nbsp; &nbsp; &nbsp; &nbsp; &nbsp; Schriftf\u00fchrer: Lukas M\u00fcller (im Amt best\u00e4tigt)<\/span><\/p>\n<p><span>An dieser Stelle m\u00f6chten wir uns nochmals ganz herzlich<\/span><span>&nbsp;bei dem scheidenden Amtstr\u00e4ger f\u00fcr sein Einsatz und Engagement bedanken.&nbsp;<\/span><\/p>\t\t\t\t\t\t\t\t<\/div>\n\t\t\t\t<\/div>\n\t\t\t\t\t<\/div>\n\t\t<\/div>\n\t\t\t\t\t<\/div>\n\t\t<\/section>\n\t\t\t\t<\/div>","protected":false},"excerpt":{"rendered":"<p>Der Fanfarenzug Rauenspurg e.V. hat bei seiner Jahreshauptversammlung eine neue Vorstandschaft gew\u00e4hlt. Die diesj\u00e4hrige JHV fand am 13.03.2020 im eigenen Vereinsheim in der H\u00f6ll statt. Zu Beginn der Versammlung lie\u00df [&hellip;]<\/p>\n","protected":false},"author":6,"featured_media":3727,"comment_status":"closed","ping_status":"open","sticky":false,"template":"","format":"standard","meta":{"_jetpack_newsletter_access":"","_jetpack_dont_email_post_to_subs":false,"_jetpack_newsletter_tier_id":0,"_jetpack_memberships_contains_paywalled_content":false,"_jetpack_memberships_contains_paid_content":false,"footnotes":""},"categories":[1],"tags":[83,82,81,84],"class_list":["post-3726","post","type-post","status-publish","format-standard","has-post-thumbnail","hentry","category-allgemein","tag-jahreshauptversammlung","tag-jhv","tag-mitgliederversammlung","tag-wahl"],"blocksy_meta":{"styles_descriptor":{"styles":{"desktop":"","tablet":"","mobile":""},"google_fonts":[],"version":6}},"featured_image_urls_v2":{"full":["https:\/\/i0.wp.com\/www.fz-rauenspurg.de\/wp-content\/uploads\/Mitgliederversammlung.png?fit=560%2C315&ssl=1",560,315,false],"thumbnail":["https:\/\/i0.wp.com\/www.fz-rauenspurg.de\/wp-content\/uploads\/Mitgliederversammlung.png?resize=150%2C150&ssl=1",150,150,true],"medium":["https:\/\/i0.wp.com\/www.fz-rauenspurg.de\/wp-content\/uploads\/Mitgliederversammlung.png?fit=300%2C169&ssl=1",300,169,true],"medium_large":["https:\/\/i0.wp.com\/www.fz-rauenspurg.de\/wp-content\/uploads\/Mitgliederversammlung.png?fit=560%2C315&ssl=1",560,315,true],"large":["https:\/\/i0.wp.com\/www.fz-rauenspurg.de\/wp-content\/uploads\/Mitgliederversammlung.png?fit=560%2C315&ssl=1",560,315,true],"timeline-express":["https:\/\/i0.wp.com\/www.fz-rauenspurg.de\/wp-content\/uploads\/Mitgliederversammlung.png?resize=350%2C120&ssl=1",350,120,true],"timeline-express-thumbnail":["https:\/\/i0.wp.com\/www.fz-rauenspurg.de\/wp-content\/uploads\/Mitgliederversammlung.png?resize=200%2C120&ssl=1",200,120,true],"1536x1536":["https:\/\/i0.wp.com\/www.fz-rauenspurg.de\/wp-content\/uploads\/Mitgliederversammlung.png?fit=560%2C315&ssl=1",560,315,true],"2048x2048":["https:\/\/i0.wp.com\/www.fz-rauenspurg.de\/wp-content\/uploads\/Mitgliederversammlung.png?fit=560%2C315&ssl=1",560,315,true],"trp-custom-language-flag":["https:\/\/i0.wp.com\/www.fz-rauenspurg.de\/wp-content\/uploads\/Mitgliederversammlung.png?fit=18%2C10&ssl=1",18,10,true],"sow-carousel-default":["https:\/\/i0.wp.com\/www.fz-rauenspurg.de\/wp-content\/uploads\/Mitgliederversammlung.png?resize=272%2C182&ssl=1",272,182,true]},"post_excerpt_stackable_v2":"<p>Der Fanfarenzug Rauenspurg e.V. hat bei seiner Jahreshauptversammlung eine neue Vorstandschaft gew\u00e4hlt. Die diesj\u00e4hrige JHV fand am 13.03.2020 im eigenen Vereinsheim in der H\u00f6ll statt. Zu Beginn der Versammlung lie\u00df der 1. Vorsitzende Frederic Teste das vergangene Jahr 2019 nochmals Revue passieren, besonders hervorzuheben waren nat\u00fcrlich das&nbsp;#Rutenfest&nbsp;2019 als Hauptevent jeden Jahres, sowie das gemeinsame Platzkonzert auf dem Marienplatz mit den \u2018Oldies\u2018. Neben zahlreichen Auftritten auf Narrenspr\u00fcngen in der Region, sowie dem eigenen Ball in unserem Vereinsheim in der H\u00f6ll, sind es vor allem die musikalische Er\u00f6ffnung der MILKA im Konzerthaus und die erneut erfolgreiche Bewirtung der MILKA-Bar, welche uns Rauenspurger&hellip;<\/p>\n","category_list_v2":"<a href=\"https:\/\/www.fz-rauenspurg.de\/en\/allgemein\/\" rel=\"category tag\">Allgemein<\/a>","author_info_v2":{"name":"Lukas","url":"https:\/\/www.fz-rauenspurg.de\/en\/author\/lukasmueller\/"},"comments_num_v2":"0 comments","yoast_head":"<!-- This site is optimized with the Yoast SEO plugin v27.5 - https:\/\/yoast.com\/product\/yoast-seo-wordpress\/ -->\n<title>Mitgliederversammlung &#8226; Fanfarenzug Rauenspurg e.V.<\/title>\n<meta name=\"robots\" content=\"noindex, follow\" \/>\n<meta property=\"og:locale\" content=\"en_US\" \/>\n<meta property=\"og:type\" content=\"article\" \/>\n<meta property=\"og:title\" content=\"Mitgliederversammlung &#8226; Fanfarenzug Rauenspurg e.V.\" \/>\n<meta property=\"og:description\" content=\"Der Fanfarenzug Rauenspurg e.V. hat bei seiner Jahreshauptversammlung eine neue Vorstandschaft gew\u00e4hlt. Die diesj\u00e4hrige JHV fand am 13.03.2020 im eigenen Vereinsheim in der H\u00f6ll statt. Zu Beginn der Versammlung lie\u00df [&hellip;]\" \/>\n<meta property=\"og:url\" content=\"https:\/\/www.fz-rauenspurg.de\/en\/mitgliederversammlung\/\" \/>\n<meta property=\"og:site_name\" content=\"Fanfarenzug Rauenspurg e.V.\" \/>\n<meta property=\"article:publisher\" content=\"http:\/\/www.facebook.com\/fanfarenzug.rauenspurg.e.v.\" \/>\n<meta property=\"article:published_time\" content=\"2020-03-14T17:00:51+00:00\" \/>\n<meta property=\"article:modified_time\" content=\"2020-03-31T07:55:03+00:00\" \/>\n<meta property=\"og:image\" content=\"https:\/\/i0.wp.com\/www.fz-rauenspurg.de\/wp-content\/uploads\/Mitgliederversammlung.png?fit=560%2C315&ssl=1\" \/>\n\t<meta property=\"og:image:width\" content=\"560\" \/>\n\t<meta property=\"og:image:height\" content=\"315\" \/>\n\t<meta property=\"og:image:type\" content=\"image\/png\" \/>\n<meta name=\"author\" content=\"Lukas\" \/>\n<meta name=\"twitter:card\" content=\"summary_large_image\" \/>\n<meta name=\"twitter:creator\" content=\"@rauenspurg\" \/>\n<meta name=\"twitter:site\" content=\"@rauenspurg\" \/>\n<meta name=\"twitter:label1\" content=\"Written by\" \/>\n\t<meta name=\"twitter:data1\" content=\"Lukas\" \/>\n\t<meta name=\"twitter:label2\" content=\"Est. reading time\" \/>\n\t<meta name=\"twitter:data2\" content=\"2 minutes\" \/>\n<script type=\"application\/ld+json\" class=\"yoast-schema-graph\">{\"@context\":\"https:\\\/\\\/schema.org\",\"@graph\":[{\"@type\":\"Article\",\"@id\":\"https:\\\/\\\/www.fz-rauenspurg.de\\\/en\\\/mitgliederversammlung\\\/#article\",\"isPartOf\":{\"@id\":\"https:\\\/\\\/www.fz-rauenspurg.de\\\/en\\\/mitgliederversammlung\\\/\"},\"author\":{\"name\":\"Lukas\",\"@id\":\"https:\\\/\\\/www.fz-rauenspurg.de\\\/#\\\/schema\\\/person\\\/acf9ca42ad6beddb3dbb4e3e5b8b9aaf\"},\"headline\":\"Mitgliederversammlung\",\"datePublished\":\"2020-03-14T17:00:51+00:00\",\"dateModified\":\"2020-03-31T07:55:03+00:00\",\"mainEntityOfPage\":{\"@id\":\"https:\\\/\\\/www.fz-rauenspurg.de\\\/en\\\/mitgliederversammlung\\\/\"},\"wordCount\":455,\"publisher\":{\"@id\":\"https:\\\/\\\/www.fz-rauenspurg.de\\\/#organization\"},\"image\":{\"@id\":\"https:\\\/\\\/www.fz-rauenspurg.de\\\/en\\\/mitgliederversammlung\\\/#primaryimage\"},\"thumbnailUrl\":\"https:\\\/\\\/i0.wp.com\\\/www.fz-rauenspurg.de\\\/wp-content\\\/uploads\\\/Mitgliederversammlung.png?fit=560%2C315&ssl=1\",\"keywords\":[\"jahreshauptversammlung\",\"jhv\",\"mitgliederversammlung\",\"wahl\"],\"articleSection\":[\"Allgemein\"],\"inLanguage\":\"en-US\"},{\"@type\":\"WebPage\",\"@id\":\"https:\\\/\\\/www.fz-rauenspurg.de\\\/en\\\/mitgliederversammlung\\\/\",\"url\":\"https:\\\/\\\/www.fz-rauenspurg.de\\\/en\\\/mitgliederversammlung\\\/\",\"name\":\"Mitgliederversammlung &#8226; Fanfarenzug Rauenspurg e.V.\",\"isPartOf\":{\"@id\":\"https:\\\/\\\/www.fz-rauenspurg.de\\\/#website\"},\"primaryImageOfPage\":{\"@id\":\"https:\\\/\\\/www.fz-rauenspurg.de\\\/en\\\/mitgliederversammlung\\\/#primaryimage\"},\"image\":{\"@id\":\"https:\\\/\\\/www.fz-rauenspurg.de\\\/en\\\/mitgliederversammlung\\\/#primaryimage\"},\"thumbnailUrl\":\"https:\\\/\\\/i0.wp.com\\\/www.fz-rauenspurg.de\\\/wp-content\\\/uploads\\\/Mitgliederversammlung.png?fit=560%2C315&ssl=1\",\"datePublished\":\"2020-03-14T17:00:51+00:00\",\"dateModified\":\"2020-03-31T07:55:03+00:00\",\"breadcrumb\":{\"@id\":\"https:\\\/\\\/www.fz-rauenspurg.de\\\/en\\\/mitgliederversammlung\\\/#breadcrumb\"},\"inLanguage\":\"en-US\",\"potentialAction\":[{\"@type\":\"ReadAction\",\"target\":[\"https:\\\/\\\/www.fz-rauenspurg.de\\\/en\\\/mitgliederversammlung\\\/\"]}]},{\"@type\":\"ImageObject\",\"inLanguage\":\"en-US\",\"@id\":\"https:\\\/\\\/www.fz-rauenspurg.de\\\/en\\\/mitgliederversammlung\\\/#primaryimage\",\"url\":\"https:\\\/\\\/i0.wp.com\\\/www.fz-rauenspurg.de\\\/wp-content\\\/uploads\\\/Mitgliederversammlung.png?fit=560%2C315&ssl=1\",\"contentUrl\":\"https:\\\/\\\/i0.wp.com\\\/www.fz-rauenspurg.de\\\/wp-content\\\/uploads\\\/Mitgliederversammlung.png?fit=560%2C315&ssl=1\",\"width\":560,\"height\":315},{\"@type\":\"BreadcrumbList\",\"@id\":\"https:\\\/\\\/www.fz-rauenspurg.de\\\/en\\\/mitgliederversammlung\\\/#breadcrumb\",\"itemListElement\":[{\"@type\":\"ListItem\",\"position\":1,\"name\":\"Startseite\",\"item\":\"https:\\\/\\\/www.fz-rauenspurg.de\\\/\"},{\"@type\":\"ListItem\",\"position\":2,\"name\":\"Mitgliederversammlung\"}]},{\"@type\":\"WebSite\",\"@id\":\"https:\\\/\\\/www.fz-rauenspurg.de\\\/#website\",\"url\":\"https:\\\/\\\/www.fz-rauenspurg.de\\\/\",\"name\":\"Fanfarenzug Rauenspurg e.V.\",\"description\":\"der Stadt Ravensburg\",\"publisher\":{\"@id\":\"https:\\\/\\\/www.fz-rauenspurg.de\\\/#organization\"},\"potentialAction\":[{\"@type\":\"SearchAction\",\"target\":{\"@type\":\"EntryPoint\",\"urlTemplate\":\"https:\\\/\\\/www.fz-rauenspurg.de\\\/?s={search_term_string}\"},\"query-input\":{\"@type\":\"PropertyValueSpecification\",\"valueRequired\":true,\"valueName\":\"search_term_string\"}}],\"inLanguage\":\"en-US\"},{\"@type\":\"Organization\",\"@id\":\"https:\\\/\\\/www.fz-rauenspurg.de\\\/#organization\",\"name\":\"Fanfarenzug Rauenspurg e.V. der Stadt Ravensburg\",\"url\":\"https:\\\/\\\/www.fz-rauenspurg.de\\\/\",\"logo\":{\"@type\":\"ImageObject\",\"inLanguage\":\"en-US\",\"@id\":\"https:\\\/\\\/www.fz-rauenspurg.de\\\/#\\\/schema\\\/logo\\\/image\\\/\",\"url\":\"https:\\\/\\\/i0.wp.com\\\/www.fz-rauenspurg.de\\\/wp-content\\\/uploads\\\/cropped-20190515_FZR_Logo-Neu-7.png?fit=4167%2C4167&ssl=1\",\"contentUrl\":\"https:\\\/\\\/i0.wp.com\\\/www.fz-rauenspurg.de\\\/wp-content\\\/uploads\\\/cropped-20190515_FZR_Logo-Neu-7.png?fit=4167%2C4167&ssl=1\",\"width\":4167,\"height\":4167,\"caption\":\"Fanfarenzug Rauenspurg e.V. der Stadt Ravensburg\"},\"image\":{\"@id\":\"https:\\\/\\\/www.fz-rauenspurg.de\\\/#\\\/schema\\\/logo\\\/image\\\/\"},\"sameAs\":[\"http:\\\/\\\/www.facebook.com\\\/fanfarenzug.rauenspurg.e.v.\",\"https:\\\/\\\/x.com\\\/rauenspurg\",\"https:\\\/\\\/www.instagram.com\\\/fanfarenzug.rauenspurg\\\/\",\"https:\\\/\\\/open.spotify.com\\\/artist\\\/1T9nl7w34CIHZa2hI57Il3?si=Wg7bL2dAQYuxixd4g4dTtQ\"]},{\"@type\":\"Person\",\"@id\":\"https:\\\/\\\/www.fz-rauenspurg.de\\\/#\\\/schema\\\/person\\\/acf9ca42ad6beddb3dbb4e3e5b8b9aaf\",\"name\":\"Lukas\",\"image\":{\"@type\":\"ImageObject\",\"inLanguage\":\"en-US\",\"@id\":\"https:\\\/\\\/secure.gravatar.com\\\/avatar\\\/272db67f26ffd9862bc906545f502f6a514aefa848f25dd64a1d0776dfdeef1a?s=96&d=mm&r=g\",\"url\":\"https:\\\/\\\/secure.gravatar.com\\\/avatar\\\/272db67f26ffd9862bc906545f502f6a514aefa848f25dd64a1d0776dfdeef1a?s=96&d=mm&r=g\",\"contentUrl\":\"https:\\\/\\\/secure.gravatar.com\\\/avatar\\\/272db67f26ffd9862bc906545f502f6a514aefa848f25dd64a1d0776dfdeef1a?s=96&d=mm&r=g\",\"caption\":\"Lukas\"}}]}<\/script>\n<!-- \/ Yoast SEO plugin. -->","yoast_head_json":{"title":"Mitgliederversammlung &#8226; Fanfarenzug Rauenspurg e.V.","robots":{"index":"noindex","follow":"follow"},"og_locale":"en_US","og_type":"article","og_title":"Mitgliederversammlung &#8226; Fanfarenzug Rauenspurg e.V.","og_description":"Der Fanfarenzug Rauenspurg e.V. hat bei seiner Jahreshauptversammlung eine neue Vorstandschaft gew\u00e4hlt. Die diesj\u00e4hrige JHV fand am 13.03.2020 im eigenen Vereinsheim in der H\u00f6ll statt. Zu Beginn der Versammlung lie\u00df [&hellip;]","og_url":"https:\/\/www.fz-rauenspurg.de\/en\/mitgliederversammlung\/","og_site_name":"Fanfarenzug Rauenspurg e.V.","article_publisher":"http:\/\/www.facebook.com\/fanfarenzug.rauenspurg.e.v.","article_published_time":"2020-03-14T17:00:51+00:00","article_modified_time":"2020-03-31T07:55:03+00:00","og_image":[{"width":560,"height":315,"url":"https:\/\/i0.wp.com\/www.fz-rauenspurg.de\/wp-content\/uploads\/Mitgliederversammlung.png?fit=560%2C315&ssl=1","type":"image\/png"}],"author":"Lukas","twitter_card":"summary_large_image","twitter_creator":"@rauenspurg","twitter_site":"@rauenspurg","twitter_misc":{"Written by":"Lukas","Est. reading time":"2 minutes"},"schema":{"@context":"https:\/\/schema.org","@graph":[{"@type":"Article","@id":"https:\/\/www.fz-rauenspurg.de\/en\/mitgliederversammlung\/#article","isPartOf":{"@id":"https:\/\/www.fz-rauenspurg.de\/en\/mitgliederversammlung\/"},"author":{"name":"Lukas","@id":"https:\/\/www.fz-rauenspurg.de\/#\/schema\/person\/acf9ca42ad6beddb3dbb4e3e5b8b9aaf"},"headline":"Mitgliederversammlung","datePublished":"2020-03-14T17:00:51+00:00","dateModified":"2020-03-31T07:55:03+00:00","mainEntityOfPage":{"@id":"https:\/\/www.fz-rauenspurg.de\/en\/mitgliederversammlung\/"},"wordCount":455,"publisher":{"@id":"https:\/\/www.fz-rauenspurg.de\/#organization"},"image":{"@id":"https:\/\/www.fz-rauenspurg.de\/en\/mitgliederversammlung\/#primaryimage"},"thumbnailUrl":"https:\/\/i0.wp.com\/www.fz-rauenspurg.de\/wp-content\/uploads\/Mitgliederversammlung.png?fit=560%2C315&ssl=1","keywords":["jahreshauptversammlung","jhv","mitgliederversammlung","wahl"],"articleSection":["Allgemein"],"inLanguage":"en-US"},{"@type":"WebPage","@id":"https:\/\/www.fz-rauenspurg.de\/en\/mitgliederversammlung\/","url":"https:\/\/www.fz-rauenspurg.de\/en\/mitgliederversammlung\/","name":"Mitgliederversammlung &#8226; Fanfarenzug Rauenspurg e.V.","isPartOf":{"@id":"https:\/\/www.fz-rauenspurg.de\/#website"},"primaryImageOfPage":{"@id":"https:\/\/www.fz-rauenspurg.de\/en\/mitgliederversammlung\/#primaryimage"},"image":{"@id":"https:\/\/www.fz-rauenspurg.de\/en\/mitgliederversammlung\/#primaryimage"},"thumbnailUrl":"https:\/\/i0.wp.com\/www.fz-rauenspurg.de\/wp-content\/uploads\/Mitgliederversammlung.png?fit=560%2C315&ssl=1","datePublished":"2020-03-14T17:00:51+00:00","dateModified":"2020-03-31T07:55:03+00:00","breadcrumb":{"@id":"https:\/\/www.fz-rauenspurg.de\/en\/mitgliederversammlung\/#breadcrumb"},"inLanguage":"en-US","potentialAction":[{"@type":"ReadAction","target":["https:\/\/www.fz-rauenspurg.de\/en\/mitgliederversammlung\/"]}]},{"@type":"ImageObject","inLanguage":"en-US","@id":"https:\/\/www.fz-rauenspurg.de\/en\/mitgliederversammlung\/#primaryimage","url":"https:\/\/i0.wp.com\/www.fz-rauenspurg.de\/wp-content\/uploads\/Mitgliederversammlung.png?fit=560%2C315&ssl=1","contentUrl":"https:\/\/i0.wp.com\/www.fz-rauenspurg.de\/wp-content\/uploads\/Mitgliederversammlung.png?fit=560%2C315&ssl=1","width":560,"height":315},{"@type":"BreadcrumbList","@id":"https:\/\/www.fz-rauenspurg.de\/en\/mitgliederversammlung\/#breadcrumb","itemListElement":[{"@type":"ListItem","position":1,"name":"Startseite","item":"https:\/\/www.fz-rauenspurg.de\/"},{"@type":"ListItem","position":2,"name":"Mitgliederversammlung"}]},{"@type":"WebSite","@id":"https:\/\/www.fz-rauenspurg.de\/#website","url":"https:\/\/www.fz-rauenspurg.de\/","name":"Fanfarenzug Rauenspurg e.V.","description":"der Stadt Ravensburg","publisher":{"@id":"https:\/\/www.fz-rauenspurg.de\/#organization"},"potentialAction":[{"@type":"SearchAction","target":{"@type":"EntryPoint","urlTemplate":"https:\/\/www.fz-rauenspurg.de\/?s={search_term_string}"},"query-input":{"@type":"PropertyValueSpecification","valueRequired":true,"valueName":"search_term_string"}}],"inLanguage":"en-US"},{"@type":"Organization","@id":"https:\/\/www.fz-rauenspurg.de\/#organization","name":"Fanfarenzug Rauenspurg e.V. der Stadt Ravensburg","url":"https:\/\/www.fz-rauenspurg.de\/","logo":{"@type":"ImageObject","inLanguage":"en-US","@id":"https:\/\/www.fz-rauenspurg.de\/#\/schema\/logo\/image\/","url":"https:\/\/i0.wp.com\/www.fz-rauenspurg.de\/wp-content\/uploads\/cropped-20190515_FZR_Logo-Neu-7.png?fit=4167%2C4167&ssl=1","contentUrl":"https:\/\/i0.wp.com\/www.fz-rauenspurg.de\/wp-content\/uploads\/cropped-20190515_FZR_Logo-Neu-7.png?fit=4167%2C4167&ssl=1","width":4167,"height":4167,"caption":"Fanfarenzug Rauenspurg e.V. der Stadt Ravensburg"},"image":{"@id":"https:\/\/www.fz-rauenspurg.de\/#\/schema\/logo\/image\/"},"sameAs":["http:\/\/www.facebook.com\/fanfarenzug.rauenspurg.e.v.","https:\/\/x.com\/rauenspurg","https:\/\/www.instagram.com\/fanfarenzug.rauenspurg\/","https:\/\/open.spotify.com\/artist\/1T9nl7w34CIHZa2hI57Il3?si=Wg7bL2dAQYuxixd4g4dTtQ"]},{"@type":"Person","@id":"https:\/\/www.fz-rauenspurg.de\/#\/schema\/person\/acf9ca42ad6beddb3dbb4e3e5b8b9aaf","name":"Lukas","image":{"@type":"ImageObject","inLanguage":"en-US","@id":"https:\/\/secure.gravatar.com\/avatar\/272db67f26ffd9862bc906545f502f6a514aefa848f25dd64a1d0776dfdeef1a?s=96&d=mm&r=g","url":"https:\/\/secure.gravatar.com\/avatar\/272db67f26ffd9862bc906545f502f6a514aefa848f25dd64a1d0776dfdeef1a?s=96&d=mm&r=g","contentUrl":"https:\/\/secure.gravatar.com\/avatar\/272db67f26ffd9862bc906545f502f6a514aefa848f25dd64a1d0776dfdeef1a?s=96&d=mm&r=g","caption":"Lukas"}}]}},"jetpack_featured_media_url":"https:\/\/i0.wp.com\/www.fz-rauenspurg.de\/wp-content\/uploads\/Mitgliederversammlung.png?fit=560%2C315&ssl=1","jetpack_sharing_enabled":true,"jetpack_shortlink":"https:\/\/wp.me\/p7EInt-Y6","_links":{"self":[{"href":"https:\/\/www.fz-rauenspurg.de\/en\/wp-json\/wp\/v2\/posts\/3726","targetHints":{"allow":["GET"]}}],"collection":[{"href":"https:\/\/www.fz-rauenspurg.de\/en\/wp-json\/wp\/v2\/posts"}],"about":[{"href":"https:\/\/www.fz-rauenspurg.de\/en\/wp-json\/wp\/v2\/types\/post"}],"author":[{"embeddable":true,"href":"https:\/\/www.fz-rauenspurg.de\/en\/wp-json\/wp\/v2\/users\/6"}],"replies":[{"embeddable":true,"href":"https:\/\/www.fz-rauenspurg.de\/en\/wp-json\/wp\/v2\/comments?post=3726"}],"version-history":[{"count":4,"href":"https:\/\/www.fz-rauenspurg.de\/en\/wp-json\/wp\/v2\/posts\/3726\/revisions"}],"predecessor-version":[{"id":3849,"href":"https:\/\/www.fz-rauenspurg.de\/en\/wp-json\/wp\/v2\/posts\/3726\/revisions\/3849"}],"wp:featuredmedia":[{"embeddable":true,"href":"https:\/\/www.fz-rauenspurg.de\/en\/wp-json\/wp\/v2\/media\/3727"}],"wp:attachment":[{"href":"https:\/\/www.fz-rauenspurg.de\/en\/wp-json\/wp\/v2\/media?parent=3726"}],"wp:term":[{"taxonomy":"category","embeddable":true,"href":"https:\/\/www.fz-rauenspurg.de\/en\/wp-json\/wp\/v2\/categories?post=3726"},{"taxonomy":"post_tag","embeddable":true,"href":"https:\/\/www.fz-rauenspurg.de\/en\/wp-json\/wp\/v2\/tags?post=3726"}],"curies":[{"name":"wp","href":"https:\/\/api.w.org\/{rel}","templated":true}]}}