{"id":3685,"date":"2020-02-01T12:00:12","date_gmt":"2020-02-01T11:00:12","guid":{"rendered":"https:\/\/www.fz-rauenspurg.de\/?p=3685"},"modified":"2020-02-04T09:56:13","modified_gmt":"2020-02-04T08:56:13","slug":"elementor-3685","status":"publish","type":"post","link":"https:\/\/www.fz-rauenspurg.de\/en\/elementor-3685\/","title":{"rendered":"Rauenspurg-Ball 2020"},"content":{"rendered":"<div data-elementor-type=\"wp-post\" data-elementor-id=\"3685\" class=\"elementor elementor-3685\">\n\t\t\t\t\t\t<section class=\"elementor-section elementor-top-section elementor-element elementor-element-fa5c990 elementor-section-boxed elementor-section-height-default elementor-section-height-default\" data-id=\"fa5c990\" data-element_type=\"section\" data-e-type=\"section\">\n\t\t\t\t\t\t<div class=\"elementor-container elementor-column-gap-default\">\n\t\t\t\t\t<div class=\"elementor-column elementor-col-100 elementor-top-column elementor-element elementor-element-9c4fa23\" data-id=\"9c4fa23\" data-element_type=\"column\" data-e-type=\"column\">\n\t\t\t<div class=\"elementor-widget-wrap elementor-element-populated\">\n\t\t\t\t\t\t<div class=\"elementor-element elementor-element-a2e3678 elementor-widget elementor-widget-text-editor\" data-id=\"a2e3678\" data-element_type=\"widget\" data-e-type=\"widget\" data-widget_type=\"text-editor.default\">\n\t\t\t\t<div class=\"elementor-widget-container\">\n\t\t\t\t\t\t\t\t\t<p><span>Der <\/span><a target=\"_blank\" href=\"https:\/\/www.facebook.com\/hashtag\/rauenspurgball\" rel=\"noopener\">#RauenspurgBall<\/a><span> in unserem Jubil\u00e4umsjahr.<\/span><\/p><p><span>\u2022 Eintritt 4 \u20ac (Abendkasse) <\/span><\/p><p><span>\u2022 Einlagen:<\/span><br \/><span> <\/span><a target=\"_blank\" href=\"https:\/\/www.facebook.com\/fztell\/\" rel=\"noopener\">Fanfarenzug Tell<\/a><br \/><span> <\/span><a target=\"_blank\" href=\"https:\/\/www.facebook.com\/fzoberzell\/\" rel=\"noopener\">Fanfarenzug Oberzell e.V.<\/a><br \/><span> <\/span><a target=\"_blank\" href=\"https:\/\/www.facebook.com\/fzankenreute\/\" rel=\"noopener\">Fanfarenzug Ankenreute e.V.<\/a><br \/><span> <\/span><a target=\"_blank\" href=\"https:\/\/www.facebook.com\/Lumpenkapelle-Berg-1677035522587971\/\" rel=\"noopener\">Lumpenkapelle Berg<\/a><br \/><span> <\/span><a target=\"_blank\" href=\"https:\/\/www.facebook.com\/Garde-Kehlen-368638373331976\/\" rel=\"noopener\">Garde Kehlen<\/a><br \/><span> <\/span><a target=\"_blank\" href=\"https:\/\/www.facebook.com\/SchalmeienBaindt\/\" rel=\"noopener\">Schalmeienkapelle Baindt<\/a><\/p><p><span>\u2022 Kost\u00fcmpflicht, Gatsby\/20er-Jahre-Mode erw\u00fcnscht<\/span><\/p><p><span>\u2022 Kein Einlass unter 16 Jahren<\/span><\/p><p><span>\u2022 Einlass unter 18 Jahren nur mit g\u00fcltigem <\/span><a target=\"_blank\" href=\"https:\/\/www.facebook.com\/hashtag\/partypass\" rel=\"noopener\">#Partypass<\/a><span> <\/span><span>(<\/span><a target=\"_blank\" href=\"https:\/\/l.facebook.com\/l.php?u=http%3A%2F%2Fwww.partypass.de%2F%3Ffbclid%3DIwAR0mEfnm_Nb8ooS-D6yGfqe1ZfcJyYDUIYMKKE9k893_8FnxAaJb7GzOuAc&amp;h=AT33DKYPmXLoxYEjvGld5k8yC981MDpZCTyefgP5-un3TXOUsLE6_am6-Flxv1Jthz3jtneWOJk6_vIFJfLwxRv_aSwLedaxIMAFUSJ-jVPIzZLG0Yq22Lyt6G3akMbqIAm2kQiWKPTAWGIRVtHO\" rel=\"nofollow noopener\" data-lynx-mode=\"hover\">www.partypass.de<\/a><span>)<\/span><\/p><p><a target=\"_blank\" href=\"https:\/\/www.facebook.com\/hashtag\/rauenspurg\" rel=\"noopener\">#Rauenspurg<\/a><span> <\/span><a target=\"_blank\" href=\"https:\/\/www.facebook.com\/hashtag\/f3r\" rel=\"noopener\">#F3R<\/a><span> <\/span><a target=\"_blank\" href=\"https:\/\/www.facebook.com\/hashtag\/ravensburg\" rel=\"noopener\">#Ravensburg<\/a><span> <\/span><a target=\"_blank\" href=\"https:\/\/www.facebook.com\/hashtag\/fzrfuffzig\" rel=\"noopener\">#FZRFUFFZIG<\/a><\/p><p><span>*Bitte beachten, w\u00e4hrend der Veranstaltung werden vom Fanfarenzug Fotos zu Zwecken der \u00d6ffentlichkeitsarbeit gemacht.<\/span><\/p>\t\t\t\t\t\t\t\t<\/div>\n\t\t\t\t<\/div>\n\t\t\t\t\t<\/div>\n\t\t<\/div>\n\t\t\t\t\t<\/div>\n\t\t<\/section>\n\t\t\t\t<section class=\"elementor-section elementor-top-section elementor-element elementor-element-536020d elementor-section-boxed elementor-section-height-default elementor-section-height-default\" data-id=\"536020d\" data-element_type=\"section\" data-e-type=\"section\">\n\t\t\t\t\t\t<div class=\"elementor-container elementor-column-gap-default\">\n\t\t\t\t\t<div class=\"elementor-column elementor-col-50 elementor-top-column elementor-element elementor-element-1e5a8fd\" data-id=\"1e5a8fd\" data-element_type=\"column\" data-e-type=\"column\">\n\t\t\t<div class=\"elementor-widget-wrap elementor-element-populated\">\n\t\t\t\t\t\t<div class=\"elementor-element elementor-element-0998951 elementor-widget elementor-widget-image\" data-id=\"0998951\" data-element_type=\"widget\" data-e-type=\"widget\" data-widget_type=\"image.default\">\n\t\t\t\t<div class=\"elementor-widget-container\">\n\t\t\t\t\t\t\t\t\t\t\t\t\t\t\t\t<a href=\"https:\/\/i0.wp.com\/www.fz-rauenspurg.de\/wp-content\/uploads\/RauenspurgBall_2020_Flyer.png?ssl=1\" data-elementor-open-lightbox=\"yes\" data-elementor-lightbox-title=\"RauenspurgBall_2020_Flyer\" data-e-action-hash=\"#elementor-action%3Aaction%3Dlightbox%26settings%3DeyJpZCI6MzY4NiwidXJsIjoiaHR0cHM6XC9cL3d3dy5mei1yYXVlbnNwdXJnLmRlXC93cC1jb250ZW50XC91cGxvYWRzXC9SYXVlbnNwdXJnQmFsbF8yMDIwX0ZseWVyLnBuZyJ9\">\n\t\t\t\t\t\t\t<img fetchpriority=\"high\" decoding=\"async\" width=\"212\" height=\"300\" src=\"https:\/\/i0.wp.com\/www.fz-rauenspurg.de\/wp-content\/uploads\/RauenspurgBall_2020_Flyer.png?fit=212%2C300&amp;ssl=1\" class=\"attachment-medium size-medium wp-image-3686 wp-post-image\" alt=\"\" srcset=\"https:\/\/i0.wp.com\/www.fz-rauenspurg.de\/wp-content\/uploads\/RauenspurgBall_2020_Flyer.png?w=1414&amp;ssl=1 1414w, https:\/\/i0.wp.com\/www.fz-rauenspurg.de\/wp-content\/uploads\/RauenspurgBall_2020_Flyer.png?resize=212%2C300&amp;ssl=1 212w, https:\/\/i0.wp.com\/www.fz-rauenspurg.de\/wp-content\/uploads\/RauenspurgBall_2020_Flyer.png?resize=768%2C1086&amp;ssl=1 768w, https:\/\/i0.wp.com\/www.fz-rauenspurg.de\/wp-content\/uploads\/RauenspurgBall_2020_Flyer.png?resize=724%2C1024&amp;ssl=1 724w\" sizes=\"(max-width: 212px) 100vw, 212px\" \/>\t\t\t\t\t\t\t\t<\/a>\n\t\t\t\t\t\t\t\t\t\t\t\t\t\t\t<\/div>\n\t\t\t\t<\/div>\n\t\t\t\t\t<\/div>\n\t\t<\/div>\n\t\t\t\t<div class=\"elementor-column elementor-col-50 elementor-top-column elementor-element elementor-element-8480b59\" data-id=\"8480b59\" data-element_type=\"column\" data-e-type=\"column\">\n\t\t\t<div class=\"elementor-widget-wrap elementor-element-populated\">\n\t\t\t\t\t\t<div class=\"elementor-element elementor-element-72956dd elementor-widget elementor-widget-google_maps\" data-id=\"72956dd\" data-element_type=\"widget\" data-e-type=\"widget\" data-widget_type=\"google_maps.default\">\n\t\t\t\t<div class=\"elementor-widget-container\">\n\t\t\t\t\t\t\t<div class=\"elementor-custom-embed\">\n\t\t\t<iframe\n\t\t\t\t\tdata-src=\"https:\/\/maps.google.com\/maps?q=H%C3%B6ll%2034%2C%2088212%20Ravensburg&#038;t=m&#038;z=10&#038;output=embed&#038;iwloc=near\"\n\t\t\t\t\ttitle=\"H\u00f6ll 34, 88212 Ravensburg\"\n\t\t\t\t\taria-label=\"H\u00f6ll 34, 88212 Ravensburg\"\n\t\t\t src=\"data:image\/svg+xml;base64,PHN2ZyB3aWR0aD0iMSIgaGVpZ2h0PSIxIiB4bWxucz0iaHR0cDovL3d3dy53My5vcmcvMjAwMC9zdmciPjwvc3ZnPg==\" class=\"lazyload\" data-load-mode=\"1\"><\/iframe>\n\t\t<\/div>\n\t\t\t\t\t\t<\/div>\n\t\t\t\t<\/div>\n\t\t\t\t\t<\/div>\n\t\t<\/div>\n\t\t\t\t\t<\/div>\n\t\t<\/section>\n\t\t\t\t<section class=\"elementor-section elementor-top-section elementor-element elementor-element-e8e0219 elementor-section-boxed elementor-section-height-default elementor-section-height-default\" data-id=\"e8e0219\" data-element_type=\"section\" data-e-type=\"section\">\n\t\t\t\t\t\t<div class=\"elementor-container elementor-column-gap-default\">\n\t\t\t\t\t<div class=\"elementor-column elementor-col-100 elementor-top-column elementor-element elementor-element-c68136b\" data-id=\"c68136b\" data-element_type=\"column\" data-e-type=\"column\">\n\t\t\t<div class=\"elementor-widget-wrap elementor-element-populated\">\n\t\t\t\t\t\t<div class=\"elementor-element elementor-element-5ce3bd5 elementor-shape-circle elementor-grid-0 e-grid-align-center elementor-widget elementor-widget-social-icons\" data-id=\"5ce3bd5\" data-element_type=\"widget\" data-e-type=\"widget\" data-widget_type=\"social-icons.default\">\n\t\t\t\t<div class=\"elementor-widget-container\">\n\t\t\t\t\t\t\t<div class=\"elementor-social-icons-wrapper elementor-grid\">\n\t\t\t\t\t\t\t<span class=\"elementor-grid-item\">\n\t\t\t\t\t<a class=\"elementor-icon elementor-social-icon elementor-social-icon-facebook elementor-repeater-item-6282de9\" href=\"https:\/\/www.facebook.com\/events\/1267651783439833\/\" target=\"_blank\">\n\t\t\t\t\t\t<span class=\"elementor-screen-only\">Facebook<\/span>\n\t\t\t\t\t\t<i aria-hidden=\"true\" class=\"fab fa-facebook\"><\/i>\t\t\t\t\t<\/a>\n\t\t\t\t<\/span>\n\t\t\t\t\t<\/div>\n\t\t\t\t\t\t<\/div>\n\t\t\t\t<\/div>\n\t\t\t\t\t<\/div>\n\t\t<\/div>\n\t\t\t\t\t<\/div>\n\t\t<\/section>\n\t\t\t\t<\/div>","protected":false},"excerpt":{"rendered":"<p>Der #RauenspurgBall in unserem Jubil\u00e4umsjahr. \u2022 Eintritt 4 \u20ac (Abendkasse) \u2022 Einlagen: Fanfarenzug Tell Fanfarenzug Oberzell e.V. Fanfarenzug Ankenreute e.V. Lumpenkapelle Berg Garde Kehlen Schalmeienkapelle Baindt \u2022 Kost\u00fcmpflicht, Gatsby\/20er-Jahre-Mode erw\u00fcnscht [&hellip;]<\/p>\n","protected":false},"author":6,"featured_media":3686,"comment_status":"closed","ping_status":"open","sticky":false,"template":"","format":"standard","meta":{"_jetpack_newsletter_access":"","_jetpack_dont_email_post_to_subs":false,"_jetpack_newsletter_tier_id":0,"_jetpack_memberships_contains_paywalled_content":false,"_jetpack_memberships_contains_paid_content":false,"footnotes":""},"categories":[1],"tags":[],"class_list":["post-3685","post","type-post","status-publish","format-standard","has-post-thumbnail","hentry","category-allgemein"],"blocksy_meta":{"styles_descriptor":{"styles":{"desktop":"","tablet":"","mobile":""},"google_fonts":[],"version":6}},"featured_image_urls_v2":{"full":["https:\/\/i0.wp.com\/www.fz-rauenspurg.de\/wp-content\/uploads\/RauenspurgBall_2020_Flyer.png?fit=1414%2C2000&ssl=1",1414,2000,false],"thumbnail":["https:\/\/i0.wp.com\/www.fz-rauenspurg.de\/wp-content\/uploads\/RauenspurgBall_2020_Flyer.png?resize=150%2C150&ssl=1",150,150,true],"medium":["https:\/\/i0.wp.com\/www.fz-rauenspurg.de\/wp-content\/uploads\/RauenspurgBall_2020_Flyer.png?fit=212%2C300&ssl=1",212,300,true],"medium_large":["https:\/\/i0.wp.com\/www.fz-rauenspurg.de\/wp-content\/uploads\/RauenspurgBall_2020_Flyer.png?fit=768%2C1086&ssl=1",768,1086,true],"large":["https:\/\/i0.wp.com\/www.fz-rauenspurg.de\/wp-content\/uploads\/RauenspurgBall_2020_Flyer.png?fit=724%2C1024&ssl=1",724,1024,true],"timeline-express":["https:\/\/i0.wp.com\/www.fz-rauenspurg.de\/wp-content\/uploads\/RauenspurgBall_2020_Flyer.png?resize=350%2C120&ssl=1",350,120,true],"timeline-express-thumbnail":["https:\/\/i0.wp.com\/www.fz-rauenspurg.de\/wp-content\/uploads\/RauenspurgBall_2020_Flyer.png?resize=200%2C120&ssl=1",200,120,true],"1536x1536":["https:\/\/i0.wp.com\/www.fz-rauenspurg.de\/wp-content\/uploads\/RauenspurgBall_2020_Flyer.png?fit=1086%2C1536&ssl=1",1086,1536,true],"2048x2048":["https:\/\/i0.wp.com\/www.fz-rauenspurg.de\/wp-content\/uploads\/RauenspurgBall_2020_Flyer.png?fit=1414%2C2000&ssl=1",1414,2000,true],"trp-custom-language-flag":["https:\/\/i0.wp.com\/www.fz-rauenspurg.de\/wp-content\/uploads\/RauenspurgBall_2020_Flyer.png?fit=8%2C12&ssl=1",8,12,true],"sow-carousel-default":["https:\/\/i0.wp.com\/www.fz-rauenspurg.de\/wp-content\/uploads\/RauenspurgBall_2020_Flyer.png?resize=272%2C182&ssl=1",272,182,true]},"post_excerpt_stackable_v2":"<p>Der #RauenspurgBall in unserem Jubil\u00e4umsjahr.\u2022 Eintritt 4 \u20ac (Abendkasse) \u2022 Einlagen: Fanfarenzug Tell Fanfarenzug Oberzell e.V. Fanfarenzug Ankenreute e.V. Lumpenkapelle Berg Garde Kehlen Schalmeienkapelle Baindt\u2022 Kost\u00fcmpflicht, Gatsby\/20er-Jahre-Mode erw\u00fcnscht\u2022 Kein Einlass unter 16 Jahren\u2022 Einlass unter 18 Jahren nur mit g\u00fcltigem #Partypass (www.partypass.de)#Rauenspurg #F3R #Ravensburg #FZRFUFFZIG*Bitte beachten, w\u00e4hrend der Veranstaltung werden vom Fanfarenzug Fotos zu Zwecken der \u00d6ffentlichkeitsarbeit gemacht. Facebook<\/p>\n","category_list_v2":"<a href=\"https:\/\/www.fz-rauenspurg.de\/en\/allgemein\/\" rel=\"category tag\">Allgemein<\/a>","author_info_v2":{"name":"Lukas","url":"https:\/\/www.fz-rauenspurg.de\/en\/author\/lukasmueller\/"},"comments_num_v2":"0 comments","yoast_head":"<!-- This site is optimized with the Yoast SEO plugin v27.5 - https:\/\/yoast.com\/product\/yoast-seo-wordpress\/ -->\n<title>Rauenspurg-Ball 2020 &#8226; Fanfarenzug Rauenspurg e.V.<\/title>\n<meta name=\"robots\" content=\"noindex, follow\" \/>\n<meta property=\"og:locale\" content=\"en_US\" \/>\n<meta property=\"og:type\" content=\"article\" \/>\n<meta property=\"og:title\" content=\"Rauenspurg-Ball 2020 &#8226; Fanfarenzug Rauenspurg e.V.\" \/>\n<meta property=\"og:description\" content=\"Der #RauenspurgBall in unserem Jubil\u00e4umsjahr. \u2022 Eintritt 4 \u20ac (Abendkasse) \u2022 Einlagen: Fanfarenzug Tell Fanfarenzug Oberzell e.V. Fanfarenzug Ankenreute e.V. Lumpenkapelle Berg Garde Kehlen Schalmeienkapelle Baindt \u2022 Kost\u00fcmpflicht, Gatsby\/20er-Jahre-Mode erw\u00fcnscht [&hellip;]\" \/>\n<meta property=\"og:url\" content=\"https:\/\/www.fz-rauenspurg.de\/en\/elementor-3685\/\" \/>\n<meta property=\"og:site_name\" content=\"Fanfarenzug Rauenspurg e.V.\" \/>\n<meta property=\"article:publisher\" content=\"http:\/\/www.facebook.com\/fanfarenzug.rauenspurg.e.v.\" \/>\n<meta property=\"article:published_time\" content=\"2020-02-01T11:00:12+00:00\" \/>\n<meta property=\"article:modified_time\" content=\"2020-02-04T08:56:13+00:00\" \/>\n<meta property=\"og:image\" content=\"https:\/\/i0.wp.com\/www.fz-rauenspurg.de\/wp-content\/uploads\/RauenspurgBall_2020_Flyer.png?fit=1414%2C2000&ssl=1\" \/>\n\t<meta property=\"og:image:width\" content=\"1414\" \/>\n\t<meta property=\"og:image:height\" content=\"2000\" \/>\n\t<meta property=\"og:image:type\" content=\"image\/png\" \/>\n<meta name=\"author\" content=\"Lukas\" \/>\n<meta name=\"twitter:card\" content=\"summary_large_image\" \/>\n<meta name=\"twitter:creator\" content=\"@rauenspurg\" \/>\n<meta name=\"twitter:site\" content=\"@rauenspurg\" \/>\n<meta name=\"twitter:label1\" content=\"Written by\" \/>\n\t<meta name=\"twitter:data1\" content=\"Lukas\" \/>\n<script type=\"application\/ld+json\" class=\"yoast-schema-graph\">{\"@context\":\"https:\\\/\\\/schema.org\",\"@graph\":[{\"@type\":\"Article\",\"@id\":\"https:\\\/\\\/www.fz-rauenspurg.de\\\/en\\\/elementor-3685\\\/#article\",\"isPartOf\":{\"@id\":\"https:\\\/\\\/www.fz-rauenspurg.de\\\/en\\\/elementor-3685\\\/\"},\"author\":{\"name\":\"Lukas\",\"@id\":\"https:\\\/\\\/www.fz-rauenspurg.de\\\/#\\\/schema\\\/person\\\/acf9ca42ad6beddb3dbb4e3e5b8b9aaf\"},\"headline\":\"Rauenspurg-Ball 2020\",\"datePublished\":\"2020-02-01T11:00:12+00:00\",\"dateModified\":\"2020-02-04T08:56:13+00:00\",\"mainEntityOfPage\":{\"@id\":\"https:\\\/\\\/www.fz-rauenspurg.de\\\/en\\\/elementor-3685\\\/\"},\"wordCount\":68,\"publisher\":{\"@id\":\"https:\\\/\\\/www.fz-rauenspurg.de\\\/#organization\"},\"image\":{\"@id\":\"https:\\\/\\\/www.fz-rauenspurg.de\\\/en\\\/elementor-3685\\\/#primaryimage\"},\"thumbnailUrl\":\"https:\\\/\\\/i0.wp.com\\\/www.fz-rauenspurg.de\\\/wp-content\\\/uploads\\\/RauenspurgBall_2020_Flyer.png?fit=1414%2C2000&ssl=1\",\"articleSection\":[\"Allgemein\"],\"inLanguage\":\"en-US\"},{\"@type\":\"WebPage\",\"@id\":\"https:\\\/\\\/www.fz-rauenspurg.de\\\/en\\\/elementor-3685\\\/\",\"url\":\"https:\\\/\\\/www.fz-rauenspurg.de\\\/en\\\/elementor-3685\\\/\",\"name\":\"Rauenspurg-Ball 2020 &#8226; Fanfarenzug Rauenspurg e.V.\",\"isPartOf\":{\"@id\":\"https:\\\/\\\/www.fz-rauenspurg.de\\\/#website\"},\"primaryImageOfPage\":{\"@id\":\"https:\\\/\\\/www.fz-rauenspurg.de\\\/en\\\/elementor-3685\\\/#primaryimage\"},\"image\":{\"@id\":\"https:\\\/\\\/www.fz-rauenspurg.de\\\/en\\\/elementor-3685\\\/#primaryimage\"},\"thumbnailUrl\":\"https:\\\/\\\/i0.wp.com\\\/www.fz-rauenspurg.de\\\/wp-content\\\/uploads\\\/RauenspurgBall_2020_Flyer.png?fit=1414%2C2000&ssl=1\",\"datePublished\":\"2020-02-01T11:00:12+00:00\",\"dateModified\":\"2020-02-04T08:56:13+00:00\",\"breadcrumb\":{\"@id\":\"https:\\\/\\\/www.fz-rauenspurg.de\\\/en\\\/elementor-3685\\\/#breadcrumb\"},\"inLanguage\":\"en-US\",\"potentialAction\":[{\"@type\":\"ReadAction\",\"target\":[\"https:\\\/\\\/www.fz-rauenspurg.de\\\/en\\\/elementor-3685\\\/\"]}]},{\"@type\":\"ImageObject\",\"inLanguage\":\"en-US\",\"@id\":\"https:\\\/\\\/www.fz-rauenspurg.de\\\/en\\\/elementor-3685\\\/#primaryimage\",\"url\":\"https:\\\/\\\/i0.wp.com\\\/www.fz-rauenspurg.de\\\/wp-content\\\/uploads\\\/RauenspurgBall_2020_Flyer.png?fit=1414%2C2000&ssl=1\",\"contentUrl\":\"https:\\\/\\\/i0.wp.com\\\/www.fz-rauenspurg.de\\\/wp-content\\\/uploads\\\/RauenspurgBall_2020_Flyer.png?fit=1414%2C2000&ssl=1\",\"width\":1414,\"height\":2000},{\"@type\":\"BreadcrumbList\",\"@id\":\"https:\\\/\\\/www.fz-rauenspurg.de\\\/en\\\/elementor-3685\\\/#breadcrumb\",\"itemListElement\":[{\"@type\":\"ListItem\",\"position\":1,\"name\":\"Startseite\",\"item\":\"https:\\\/\\\/www.fz-rauenspurg.de\\\/\"},{\"@type\":\"ListItem\",\"position\":2,\"name\":\"Rauenspurg-Ball 2020\"}]},{\"@type\":\"WebSite\",\"@id\":\"https:\\\/\\\/www.fz-rauenspurg.de\\\/#website\",\"url\":\"https:\\\/\\\/www.fz-rauenspurg.de\\\/\",\"name\":\"Fanfarenzug Rauenspurg e.V.\",\"description\":\"der Stadt Ravensburg\",\"publisher\":{\"@id\":\"https:\\\/\\\/www.fz-rauenspurg.de\\\/#organization\"},\"potentialAction\":[{\"@type\":\"SearchAction\",\"target\":{\"@type\":\"EntryPoint\",\"urlTemplate\":\"https:\\\/\\\/www.fz-rauenspurg.de\\\/?s={search_term_string}\"},\"query-input\":{\"@type\":\"PropertyValueSpecification\",\"valueRequired\":true,\"valueName\":\"search_term_string\"}}],\"inLanguage\":\"en-US\"},{\"@type\":\"Organization\",\"@id\":\"https:\\\/\\\/www.fz-rauenspurg.de\\\/#organization\",\"name\":\"Fanfarenzug Rauenspurg e.V. der Stadt Ravensburg\",\"url\":\"https:\\\/\\\/www.fz-rauenspurg.de\\\/\",\"logo\":{\"@type\":\"ImageObject\",\"inLanguage\":\"en-US\",\"@id\":\"https:\\\/\\\/www.fz-rauenspurg.de\\\/#\\\/schema\\\/logo\\\/image\\\/\",\"url\":\"https:\\\/\\\/i0.wp.com\\\/www.fz-rauenspurg.de\\\/wp-content\\\/uploads\\\/cropped-20190515_FZR_Logo-Neu-7.png?fit=4167%2C4167&ssl=1\",\"contentUrl\":\"https:\\\/\\\/i0.wp.com\\\/www.fz-rauenspurg.de\\\/wp-content\\\/uploads\\\/cropped-20190515_FZR_Logo-Neu-7.png?fit=4167%2C4167&ssl=1\",\"width\":4167,\"height\":4167,\"caption\":\"Fanfarenzug Rauenspurg e.V. der Stadt Ravensburg\"},\"image\":{\"@id\":\"https:\\\/\\\/www.fz-rauenspurg.de\\\/#\\\/schema\\\/logo\\\/image\\\/\"},\"sameAs\":[\"http:\\\/\\\/www.facebook.com\\\/fanfarenzug.rauenspurg.e.v.\",\"https:\\\/\\\/x.com\\\/rauenspurg\",\"https:\\\/\\\/www.instagram.com\\\/fanfarenzug.rauenspurg\\\/\",\"https:\\\/\\\/open.spotify.com\\\/artist\\\/1T9nl7w34CIHZa2hI57Il3?si=Wg7bL2dAQYuxixd4g4dTtQ\"]},{\"@type\":\"Person\",\"@id\":\"https:\\\/\\\/www.fz-rauenspurg.de\\\/#\\\/schema\\\/person\\\/acf9ca42ad6beddb3dbb4e3e5b8b9aaf\",\"name\":\"Lukas\",\"image\":{\"@type\":\"ImageObject\",\"inLanguage\":\"en-US\",\"@id\":\"https:\\\/\\\/secure.gravatar.com\\\/avatar\\\/272db67f26ffd9862bc906545f502f6a514aefa848f25dd64a1d0776dfdeef1a?s=96&d=mm&r=g\",\"url\":\"https:\\\/\\\/secure.gravatar.com\\\/avatar\\\/272db67f26ffd9862bc906545f502f6a514aefa848f25dd64a1d0776dfdeef1a?s=96&d=mm&r=g\",\"contentUrl\":\"https:\\\/\\\/secure.gravatar.com\\\/avatar\\\/272db67f26ffd9862bc906545f502f6a514aefa848f25dd64a1d0776dfdeef1a?s=96&d=mm&r=g\",\"caption\":\"Lukas\"}}]}<\/script>\n<!-- \/ Yoast SEO plugin. -->","yoast_head_json":{"title":"Rauenspurg-Ball 2020 &#8226; Fanfarenzug Rauenspurg e.V.","robots":{"index":"noindex","follow":"follow"},"og_locale":"en_US","og_type":"article","og_title":"Rauenspurg-Ball 2020 &#8226; Fanfarenzug Rauenspurg e.V.","og_description":"Der #RauenspurgBall in unserem Jubil\u00e4umsjahr. \u2022 Eintritt 4 \u20ac (Abendkasse) \u2022 Einlagen: Fanfarenzug Tell Fanfarenzug Oberzell e.V. Fanfarenzug Ankenreute e.V. Lumpenkapelle Berg Garde Kehlen Schalmeienkapelle Baindt \u2022 Kost\u00fcmpflicht, Gatsby\/20er-Jahre-Mode erw\u00fcnscht [&hellip;]","og_url":"https:\/\/www.fz-rauenspurg.de\/en\/elementor-3685\/","og_site_name":"Fanfarenzug Rauenspurg e.V.","article_publisher":"http:\/\/www.facebook.com\/fanfarenzug.rauenspurg.e.v.","article_published_time":"2020-02-01T11:00:12+00:00","article_modified_time":"2020-02-04T08:56:13+00:00","og_image":[{"width":1414,"height":2000,"url":"https:\/\/i0.wp.com\/www.fz-rauenspurg.de\/wp-content\/uploads\/RauenspurgBall_2020_Flyer.png?fit=1414%2C2000&ssl=1","type":"image\/png"}],"author":"Lukas","twitter_card":"summary_large_image","twitter_creator":"@rauenspurg","twitter_site":"@rauenspurg","twitter_misc":{"Written by":"Lukas"},"schema":{"@context":"https:\/\/schema.org","@graph":[{"@type":"Article","@id":"https:\/\/www.fz-rauenspurg.de\/en\/elementor-3685\/#article","isPartOf":{"@id":"https:\/\/www.fz-rauenspurg.de\/en\/elementor-3685\/"},"author":{"name":"Lukas","@id":"https:\/\/www.fz-rauenspurg.de\/#\/schema\/person\/acf9ca42ad6beddb3dbb4e3e5b8b9aaf"},"headline":"Rauenspurg-Ball 2020","datePublished":"2020-02-01T11:00:12+00:00","dateModified":"2020-02-04T08:56:13+00:00","mainEntityOfPage":{"@id":"https:\/\/www.fz-rauenspurg.de\/en\/elementor-3685\/"},"wordCount":68,"publisher":{"@id":"https:\/\/www.fz-rauenspurg.de\/#organization"},"image":{"@id":"https:\/\/www.fz-rauenspurg.de\/en\/elementor-3685\/#primaryimage"},"thumbnailUrl":"https:\/\/i0.wp.com\/www.fz-rauenspurg.de\/wp-content\/uploads\/RauenspurgBall_2020_Flyer.png?fit=1414%2C2000&ssl=1","articleSection":["Allgemein"],"inLanguage":"en-US"},{"@type":"WebPage","@id":"https:\/\/www.fz-rauenspurg.de\/en\/elementor-3685\/","url":"https:\/\/www.fz-rauenspurg.de\/en\/elementor-3685\/","name":"Rauenspurg-Ball 2020 &#8226; Fanfarenzug Rauenspurg e.V.","isPartOf":{"@id":"https:\/\/www.fz-rauenspurg.de\/#website"},"primaryImageOfPage":{"@id":"https:\/\/www.fz-rauenspurg.de\/en\/elementor-3685\/#primaryimage"},"image":{"@id":"https:\/\/www.fz-rauenspurg.de\/en\/elementor-3685\/#primaryimage"},"thumbnailUrl":"https:\/\/i0.wp.com\/www.fz-rauenspurg.de\/wp-content\/uploads\/RauenspurgBall_2020_Flyer.png?fit=1414%2C2000&ssl=1","datePublished":"2020-02-01T11:00:12+00:00","dateModified":"2020-02-04T08:56:13+00:00","breadcrumb":{"@id":"https:\/\/www.fz-rauenspurg.de\/en\/elementor-3685\/#breadcrumb"},"inLanguage":"en-US","potentialAction":[{"@type":"ReadAction","target":["https:\/\/www.fz-rauenspurg.de\/en\/elementor-3685\/"]}]},{"@type":"ImageObject","inLanguage":"en-US","@id":"https:\/\/www.fz-rauenspurg.de\/en\/elementor-3685\/#primaryimage","url":"https:\/\/i0.wp.com\/www.fz-rauenspurg.de\/wp-content\/uploads\/RauenspurgBall_2020_Flyer.png?fit=1414%2C2000&ssl=1","contentUrl":"https:\/\/i0.wp.com\/www.fz-rauenspurg.de\/wp-content\/uploads\/RauenspurgBall_2020_Flyer.png?fit=1414%2C2000&ssl=1","width":1414,"height":2000},{"@type":"BreadcrumbList","@id":"https:\/\/www.fz-rauenspurg.de\/en\/elementor-3685\/#breadcrumb","itemListElement":[{"@type":"ListItem","position":1,"name":"Startseite","item":"https:\/\/www.fz-rauenspurg.de\/"},{"@type":"ListItem","position":2,"name":"Rauenspurg-Ball 2020"}]},{"@type":"WebSite","@id":"https:\/\/www.fz-rauenspurg.de\/#website","url":"https:\/\/www.fz-rauenspurg.de\/","name":"Fanfarenzug Rauenspurg e.V.","description":"der Stadt Ravensburg","publisher":{"@id":"https:\/\/www.fz-rauenspurg.de\/#organization"},"potentialAction":[{"@type":"SearchAction","target":{"@type":"EntryPoint","urlTemplate":"https:\/\/www.fz-rauenspurg.de\/?s={search_term_string}"},"query-input":{"@type":"PropertyValueSpecification","valueRequired":true,"valueName":"search_term_string"}}],"inLanguage":"en-US"},{"@type":"Organization","@id":"https:\/\/www.fz-rauenspurg.de\/#organization","name":"Fanfarenzug Rauenspurg e.V. der Stadt Ravensburg","url":"https:\/\/www.fz-rauenspurg.de\/","logo":{"@type":"ImageObject","inLanguage":"en-US","@id":"https:\/\/www.fz-rauenspurg.de\/#\/schema\/logo\/image\/","url":"https:\/\/i0.wp.com\/www.fz-rauenspurg.de\/wp-content\/uploads\/cropped-20190515_FZR_Logo-Neu-7.png?fit=4167%2C4167&ssl=1","contentUrl":"https:\/\/i0.wp.com\/www.fz-rauenspurg.de\/wp-content\/uploads\/cropped-20190515_FZR_Logo-Neu-7.png?fit=4167%2C4167&ssl=1","width":4167,"height":4167,"caption":"Fanfarenzug Rauenspurg e.V. der Stadt Ravensburg"},"image":{"@id":"https:\/\/www.fz-rauenspurg.de\/#\/schema\/logo\/image\/"},"sameAs":["http:\/\/www.facebook.com\/fanfarenzug.rauenspurg.e.v.","https:\/\/x.com\/rauenspurg","https:\/\/www.instagram.com\/fanfarenzug.rauenspurg\/","https:\/\/open.spotify.com\/artist\/1T9nl7w34CIHZa2hI57Il3?si=Wg7bL2dAQYuxixd4g4dTtQ"]},{"@type":"Person","@id":"https:\/\/www.fz-rauenspurg.de\/#\/schema\/person\/acf9ca42ad6beddb3dbb4e3e5b8b9aaf","name":"Lukas","image":{"@type":"ImageObject","inLanguage":"en-US","@id":"https:\/\/secure.gravatar.com\/avatar\/272db67f26ffd9862bc906545f502f6a514aefa848f25dd64a1d0776dfdeef1a?s=96&d=mm&r=g","url":"https:\/\/secure.gravatar.com\/avatar\/272db67f26ffd9862bc906545f502f6a514aefa848f25dd64a1d0776dfdeef1a?s=96&d=mm&r=g","contentUrl":"https:\/\/secure.gravatar.com\/avatar\/272db67f26ffd9862bc906545f502f6a514aefa848f25dd64a1d0776dfdeef1a?s=96&d=mm&r=g","caption":"Lukas"}}]}},"jetpack_featured_media_url":"https:\/\/i0.wp.com\/www.fz-rauenspurg.de\/wp-content\/uploads\/RauenspurgBall_2020_Flyer.png?fit=1414%2C2000&ssl=1","jetpack_sharing_enabled":true,"jetpack_shortlink":"https:\/\/wp.me\/p7EInt-Xr","_links":{"self":[{"href":"https:\/\/www.fz-rauenspurg.de\/en\/wp-json\/wp\/v2\/posts\/3685","targetHints":{"allow":["GET"]}}],"collection":[{"href":"https:\/\/www.fz-rauenspurg.de\/en\/wp-json\/wp\/v2\/posts"}],"about":[{"href":"https:\/\/www.fz-rauenspurg.de\/en\/wp-json\/wp\/v2\/types\/post"}],"author":[{"embeddable":true,"href":"https:\/\/www.fz-rauenspurg.de\/en\/wp-json\/wp\/v2\/users\/6"}],"replies":[{"embeddable":true,"href":"https:\/\/www.fz-rauenspurg.de\/en\/wp-json\/wp\/v2\/comments?post=3685"}],"version-history":[{"count":3,"href":"https:\/\/www.fz-rauenspurg.de\/en\/wp-json\/wp\/v2\/posts\/3685\/revisions"}],"predecessor-version":[{"id":3689,"href":"https:\/\/www.fz-rauenspurg.de\/en\/wp-json\/wp\/v2\/posts\/3685\/revisions\/3689"}],"wp:featuredmedia":[{"embeddable":true,"href":"https:\/\/www.fz-rauenspurg.de\/en\/wp-json\/wp\/v2\/media\/3686"}],"wp:attachment":[{"href":"https:\/\/www.fz-rauenspurg.de\/en\/wp-json\/wp\/v2\/media?parent=3685"}],"wp:term":[{"taxonomy":"category","embeddable":true,"href":"https:\/\/www.fz-rauenspurg.de\/en\/wp-json\/wp\/v2\/categories?post=3685"},{"taxonomy":"post_tag","embeddable":true,"href":"https:\/\/www.fz-rauenspurg.de\/en\/wp-json\/wp\/v2\/tags?post=3685"}],"curies":[{"name":"wp","href":"https:\/\/api.w.org\/{rel}","templated":true}]}}