{"id":3588,"date":"2019-12-05T12:00:34","date_gmt":"2019-12-05T11:00:34","guid":{"rendered":"https:\/\/www.fz-rauenspurg.de\/?p=3588"},"modified":"2020-02-10T17:47:25","modified_gmt":"2020-02-10T16:47:25","slug":"ticket-vorverkauf-fuer-jubilaeum-ist-gestartet","status":"publish","type":"post","link":"https:\/\/www.fz-rauenspurg.de\/en\/ticket-vorverkauf-fuer-jubilaeum-ist-gestartet\/","title":{"rendered":"Ticket-Vorverkauf ist gestartet"},"content":{"rendered":"<div data-elementor-type=\"wp-post\" data-elementor-id=\"3588\" class=\"elementor elementor-3588\">\n\t\t\t\t\t\t<section class=\"elementor-section elementor-top-section elementor-element elementor-element-27fd56be elementor-section-boxed elementor-section-height-default elementor-section-height-default\" data-id=\"27fd56be\" data-element_type=\"section\" data-e-type=\"section\">\n\t\t\t\t\t\t<div class=\"elementor-container elementor-column-gap-default\">\n\t\t\t\t\t<div class=\"elementor-column elementor-col-100 elementor-top-column elementor-element elementor-element-263d2b8e\" data-id=\"263d2b8e\" data-element_type=\"column\" data-e-type=\"column\">\n\t\t\t<div class=\"elementor-widget-wrap elementor-element-populated\">\n\t\t\t\t\t\t<div class=\"elementor-element elementor-element-a5d09ba elementor-widget elementor-widget-text-editor\" data-id=\"a5d09ba\" data-element_type=\"widget\" data-e-type=\"widget\" data-widget_type=\"text-editor.default\">\n\t\t\t\t<div class=\"elementor-widget-container\">\n\t\t\t\t\t\t\t\t\tDer Ticket-Vorverkauf f\u00fcr unser Jubil\u00e4um &#8222;Rauenspurg Fuffzig&#8220; ist gestartet.\t\t\t\t\t\t\t\t<\/div>\n\t\t\t\t<\/div>\n\t\t\t\t\t<\/div>\n\t\t<\/div>\n\t\t\t\t\t<\/div>\n\t\t<\/section>\n\t\t\t\t<section class=\"elementor-section elementor-top-section elementor-element elementor-element-dce6edc elementor-section-boxed elementor-section-height-default elementor-section-height-default\" data-id=\"dce6edc\" data-element_type=\"section\" data-e-type=\"section\">\n\t\t\t\t\t\t<div class=\"elementor-container elementor-column-gap-default\">\n\t\t\t\t\t<div class=\"elementor-column elementor-col-100 elementor-top-column elementor-element elementor-element-0000f2e\" data-id=\"0000f2e\" data-element_type=\"column\" data-e-type=\"column\">\n\t\t\t<div class=\"elementor-widget-wrap elementor-element-populated\">\n\t\t\t\t\t\t<div class=\"elementor-element elementor-element-408d6d6 elementor-widget elementor-widget-text-editor\" data-id=\"408d6d6\" data-element_type=\"widget\" data-e-type=\"widget\" data-widget_type=\"text-editor.default\">\n\t\t\t\t<div class=\"elementor-widget-container\">\n\t\t\t\t\t\t\t\t\t<p><span style=\"color: rgb(29, 33, 41); font-family: Helvetica, Arial, sans-serif; white-space: pre-wrap;\">\ud83c\udf8a 50 Jahre Fanfarenzug Rauenspurg \ud83c\udf8a <\/span><br style=\"color: rgb(29, 33, 41); font-family: Helvetica, Arial, sans-serif; white-space: pre-wrap;\"\/><span style=\"color: rgb(29, 33, 41); font-family: Helvetica, Arial, sans-serif; white-space: pre-wrap;\">Feiert mit uns <\/span><a target=\"_blank\" href=\"https:\/\/www.facebook.com\/hashtag\/rauenspurgfuffzig\" style=\"color: rgb(56, 88, 152); cursor: pointer; font-family: Helvetica, Arial, sans-serif; white-space: pre-wrap; background-color: rgb(255, 255, 255);\">#RauenspurgFuffzig<\/a><span style=\"color: rgb(29, 33, 41); font-family: Helvetica, Arial, sans-serif; white-space: pre-wrap;\"> am 30.05.2020<\/span><br style=\"color: rgb(29, 33, 41); font-family: Helvetica, Arial, sans-serif; white-space: pre-wrap;\"\/><br style=\"color: rgb(29, 33, 41); font-family: Helvetica, Arial, sans-serif; white-space: pre-wrap;\"\/><span style=\"color: rgb(29, 33, 41); font-family: Helvetica, Arial, sans-serif; white-space: pre-wrap;\">Auf unserer gro\u00dfen Jubil\u00e4umsfeier* in der <\/span><a target=\"_blank\" href=\"https:\/\/www.facebook.com\/hashtag\/oberschwabenhalle\" style=\"color: rgb(56, 88, 152); cursor: pointer; font-family: Helvetica, Arial, sans-serif; white-space: pre-wrap; background-color: rgb(255, 255, 255);\">#Oberschwabenhalle<\/a><span style=\"color: rgb(29, 33, 41); font-family: Helvetica, Arial, sans-serif; white-space: pre-wrap;\"> werden Euch <\/span><a target=\"_blank\" href=\"https:\/\/www.facebook.com\/hashtag\/radio7\" style=\"color: rgb(56, 88, 152); cursor: pointer; font-family: Helvetica, Arial, sans-serif; white-space: pre-wrap; background-color: rgb(255, 255, 255);\">#Radio7<\/a><span style=\"color: rgb(29, 33, 41); font-family: Helvetica, Arial, sans-serif; white-space: pre-wrap;\"> und <\/span><a target=\"_blank\" href=\"https:\/\/www.facebook.com\/hashtag\/gs%C3%A4lzb%C3%A4r\" style=\"color: rgb(56, 88, 152); cursor: pointer; font-family: Helvetica, Arial, sans-serif; white-space: pre-wrap; background-color: rgb(255, 255, 255);\">#Gs\u00e4lzb\u00e4r<\/a><span style=\"color: rgb(29, 33, 41); font-family: Helvetica, Arial, sans-serif; white-space: pre-wrap;\"> ordentlich einheizen. \ud83d\ude0d\ud83d\udd25<\/span><br style=\"color: rgb(29, 33, 41); font-family: Helvetica, Arial, sans-serif; white-space: pre-wrap;\"\/><br style=\"color: rgb(29, 33, 41); font-family: Helvetica, Arial, sans-serif; white-space: pre-wrap;\"\/><span style=\"color: rgb(29, 33, 41); font-family: Helvetica, Arial, sans-serif; white-space: pre-wrap;\">Der Vorverkauf startet am 02.12.2019.<\/span><br style=\"color: rgb(29, 33, 41); font-family: Helvetica, Arial, sans-serif; white-space: pre-wrap;\"\/><span style=\"color: rgb(29, 33, 41); font-family: Helvetica, Arial, sans-serif; white-space: pre-wrap;\">Tickets sind erh\u00e4ltlich bei:<\/span><br style=\"color: rgb(29, 33, 41); font-family: Helvetica, Arial, sans-serif; white-space: pre-wrap;\"\/><span style=\"color: rgb(29, 33, 41); font-family: Helvetica, Arial, sans-serif; white-space: pre-wrap;\">&#8211; Uns im Vereinsheim w\u00e4hrend den Probezeiten (Di + Fr ab 19 Uhr)<\/span><br style=\"color: rgb(29, 33, 41); font-family: Helvetica, Arial, sans-serif; white-space: pre-wrap;\"\/><span style=\"color: rgb(29, 33, 41); font-family: Helvetica, Arial, sans-serif; white-space: pre-wrap;\">&#8211; <\/span><a target=\"_blank\" href=\"https:\/\/www.facebook.com\/kneipegsaelzbaer\/\" style=\"color: rgb(56, 88, 152); cursor: pointer; font-family: Helvetica, Arial, sans-serif; white-space: pre-wrap; background-color: rgb(255, 255, 255);\">Gs\u00e4lzb\u00e4r &#8211; Die Kneipe<\/a><br style=\"color: rgb(29, 33, 41); font-family: Helvetica, Arial, sans-serif; white-space: pre-wrap;\"\/><span style=\"color: rgb(29, 33, 41); font-family: Helvetica, Arial, sans-serif; white-space: pre-wrap;\">&#8211; <\/span><a target=\"_blank\" href=\"https:\/\/www.facebook.com\/musikhaus.lange.1\/\" style=\"color: rgb(56, 88, 152); cursor: pointer; font-family: Helvetica, Arial, sans-serif; white-space: pre-wrap; background-color: rgb(255, 255, 255);\">Musikhaus Lange GmbH &amp; Co. KG<\/a><br style=\"color: rgb(29, 33, 41); font-family: Helvetica, Arial, sans-serif; white-space: pre-wrap;\"\/><span style=\"color: rgb(29, 33, 41); font-family: Helvetica, Arial, sans-serif; white-space: pre-wrap;\">&#8211; Tourist Information Ravensburg<\/span><br style=\"color: rgb(29, 33, 41); font-family: Helvetica, Arial, sans-serif; white-space: pre-wrap;\"\/><span style=\"color: rgb(29, 33, 41); font-family: Helvetica, Arial, sans-serif; white-space: pre-wrap;\">&#8211; <\/span><a href=\"https:\/\/www.reservix.de\/tickets-50-jahre-jubilaeum-fanfarenzug-rauenspurg-ev-radio-7-party-mit-matze-ihring-und-der-schwaebischen-band-gsaelzbaer-in-ravensburg-oberschwabenhalle-am-30-5-2020\/e1499516\" target=\"_blank\">Reservix<\/a><br style=\"color: rgb(29, 33, 41); font-family: Helvetica, Arial, sans-serif; white-space: pre-wrap;\"\/><br style=\"color: rgb(29, 33, 41); font-family: Helvetica, Arial, sans-serif; white-space: pre-wrap;\"\/><span style=\"color: rgb(29, 33, 41); font-family: Helvetica, Arial, sans-serif; white-space: pre-wrap;\">\u2022 Details zum genauen Ablauf, sowie mitwirkenden Gruppen, geben wir in den n\u00e4chsten Wochen bekannt. <\/span><br style=\"color: rgb(29, 33, 41); font-family: Helvetica, Arial, sans-serif; white-space: pre-wrap;\"\/><span style=\"color: rgb(29, 33, 41); font-family: Helvetica, Arial, sans-serif; white-space: pre-wrap;\">  <\/span><br style=\"color: rgb(29, 33, 41); font-family: Helvetica, Arial, sans-serif; white-space: pre-wrap;\"\/><span style=\"color: rgb(29, 33, 41); font-family: Helvetica, Arial, sans-serif; white-space: pre-wrap;\">Weitere Informationen findet Ihr auf unserer Jubil\u00e4ums-Website <\/span><span style=\"color: rgb(29, 33, 41); font-family: Helvetica, Arial, sans-serif; white-space: pre-wrap;\">\ud83d\udc49\ud83c\udffb <\/span><a target=\"_blank\" href=\"https:\/\/l.facebook.com\/l.php?u=http%3A%2F%2Fwww.fzr-fuffzig.de%2F%3Ffbclid%3DIwAR1AgYBY4x9LHTjGBuX2L3I03CESUsivntRwbPWImQaOtAoimuN_R6kk7Ys&amp;h=AT29Bhk33uXppPAEz4IbPmG0w5E2V192FJ-ZXjuH90VwVgqzYolBGYfiV1W7HJd-fh0C0r8su3ozeXOLLpedBH2NDU8q1hcMwWyFvBHTLF_wLG_1QxpISA8fhO1D2px6Oxg0OqsX6N2MRY5vlplw\" rel=\"nofollow noopener\" data-lynx-mode=\"hover\" style=\"color: rgb(56, 88, 152); cursor: pointer; font-family: Helvetica, Arial, sans-serif; white-space: pre-wrap; background-color: rgb(255, 255, 255);\">www.fzr-fuffzig.de<\/a><br style=\"color: rgb(29, 33, 41); font-family: Helvetica, Arial, sans-serif; white-space: pre-wrap;\"\/><br style=\"color: rgb(29, 33, 41); font-family: Helvetica, Arial, sans-serif; white-space: pre-wrap;\"\/><span style=\"color: rgb(29, 33, 41); font-family: Helvetica, Arial, sans-serif; white-space: pre-wrap;\">Wir freuen uns auf ein unvergessliches Jubil\u00e4um mit EUCH!<\/span><br style=\"color: rgb(29, 33, 41); font-family: Helvetica, Arial, sans-serif; white-space: pre-wrap;\"\/><br style=\"color: rgb(29, 33, 41); font-family: Helvetica, Arial, sans-serif; white-space: pre-wrap;\"\/><span style=\"color: rgb(29, 33, 41); font-family: Helvetica, Arial, sans-serif; white-space: pre-wrap;\">Eure Rauenspurger<\/span><br style=\"color: rgb(29, 33, 41); font-family: Helvetica, Arial, sans-serif; white-space: pre-wrap;\"\/><br style=\"color: rgb(29, 33, 41); font-family: Helvetica, Arial, sans-serif; white-space: pre-wrap;\"\/><br style=\"color: rgb(29, 33, 41); font-family: Helvetica, Arial, sans-serif; white-space: pre-wrap;\"\/><br style=\"color: rgb(29, 33, 41); font-family: Helvetica, Arial, sans-serif; white-space: pre-wrap;\"\/><span style=\"color: rgb(29, 33, 41); font-family: Helvetica, Arial, sans-serif; white-space: pre-wrap;\">*Es gelten die aktuellen Jugendschutzbestimmungen (JuSchG)<\/span><br style=\"color: rgb(29, 33, 41); font-family: Helvetica, Arial, sans-serif; white-space: pre-wrap;\"\/><span style=\"color: rgb(29, 33, 41); font-family: Helvetica, Arial, sans-serif; white-space: pre-wrap;\">*Bitte beachten, w\u00e4hrend der Veranstaltung werden vom Fanfarenzug Fotos und Videos zu Zwecken der \u00d6ffentlichkeitsarbeit gemacht.<\/span><br style=\"color: rgb(29, 33, 41); font-family: Helvetica, Arial, sans-serif; white-space: pre-wrap;\"\/><\/p>\t\t\t\t\t\t\t\t<\/div>\n\t\t\t\t<\/div>\n\t\t\t\t\t<\/div>\n\t\t<\/div>\n\t\t\t\t\t<\/div>\n\t\t<\/section>\n\t\t\t\t<section class=\"elementor-section elementor-top-section elementor-element elementor-element-8a4f55b elementor-section-boxed elementor-section-height-default elementor-section-height-default\" data-id=\"8a4f55b\" data-element_type=\"section\" data-e-type=\"section\">\n\t\t\t\t\t\t<div class=\"elementor-container elementor-column-gap-default\">\n\t\t\t\t\t<div class=\"elementor-column elementor-col-100 elementor-top-column elementor-element elementor-element-6452bb9\" data-id=\"6452bb9\" data-element_type=\"column\" data-e-type=\"column\">\n\t\t\t<div class=\"elementor-widget-wrap elementor-element-populated\">\n\t\t\t\t\t\t<div class=\"elementor-element elementor-element-389209a elementor-widget elementor-widget-button\" data-id=\"389209a\" data-element_type=\"widget\" data-e-type=\"widget\" data-widget_type=\"button.default\">\n\t\t\t\t<div class=\"elementor-widget-container\">\n\t\t\t\t\t\t\t\t\t<div class=\"elementor-button-wrapper\">\n\t\t\t\t\t<a class=\"elementor-button elementor-button-link elementor-size-md\" href=\"https:\/\/www.reservix.de\/tickets-50-jahre-jubilaeum-fanfarenzug-rauenspurg-ev-radio-7-party-mit-matze-ihring-und-der-schwaebischen-band-gsaelzbaer-in-ravensburg-oberschwabenhalle-am-30-5-2020\/e1499516\">\n\t\t\t\t\t\t<span class=\"elementor-button-content-wrapper\">\n\t\t\t\t\t\t<span class=\"elementor-button-icon\">\n\t\t\t\t<i aria-hidden=\"true\" class=\"fas fa-ticket-alt\"><\/i>\t\t\t<\/span>\n\t\t\t\t\t\t\t\t\t<span class=\"elementor-button-text\">Jetzt Tickets sichern<\/span>\n\t\t\t\t\t<\/span>\n\t\t\t\t\t<\/a>\n\t\t\t\t<\/div>\n\t\t\t\t\t\t\t\t<\/div>\n\t\t\t\t<\/div>\n\t\t\t\t\t<\/div>\n\t\t<\/div>\n\t\t\t\t\t<\/div>\n\t\t<\/section>\n\t\t\t\t<\/div>","protected":false},"excerpt":{"rendered":"<p>Der Ticket-Vorverkauf f\u00fcr unser Jubil\u00e4um &#8222;Rauenspurg Fuffzig&#8220; ist gestartet. &#x1f38a; 50 Jahre Fanfarenzug Rauenspurg &#x1f38a; Feiert mit uns #RauenspurgFuffzig am 30.05.2020Auf unserer gro\u00dfen Jubil\u00e4umsfeier* in der #Oberschwabenhalle werden Euch #Radio7 [&hellip;]<\/p>\n","protected":false},"author":6,"featured_media":3592,"comment_status":"closed","ping_status":"open","sticky":false,"template":"","format":"standard","meta":{"_jetpack_newsletter_access":"","_jetpack_dont_email_post_to_subs":false,"_jetpack_newsletter_tier_id":0,"_jetpack_memberships_contains_paywalled_content":false,"_jetpack_memberships_contains_paid_content":false,"footnotes":""},"categories":[1],"tags":[56,58,76,77],"class_list":["post-3588","post","type-post","status-publish","format-standard","has-post-thumbnail","hentry","category-allgemein","tag-fuffzig","tag-jubilaeum","tag-ticket","tag-vorverkauf"],"blocksy_meta":{"styles_descriptor":{"styles":{"desktop":"","tablet":"","mobile":""},"google_fonts":[],"version":6}},"featured_image_urls_v2":{"full":["https:\/\/i0.wp.com\/www.fz-rauenspurg.de\/wp-content\/uploads\/Weihnachtsfeier-2.png?fit=560%2C315&ssl=1",560,315,false],"thumbnail":["https:\/\/i0.wp.com\/www.fz-rauenspurg.de\/wp-content\/uploads\/Weihnachtsfeier-2.png?resize=150%2C150&ssl=1",150,150,true],"medium":["https:\/\/i0.wp.com\/www.fz-rauenspurg.de\/wp-content\/uploads\/Weihnachtsfeier-2.png?fit=300%2C169&ssl=1",300,169,true],"medium_large":["https:\/\/i0.wp.com\/www.fz-rauenspurg.de\/wp-content\/uploads\/Weihnachtsfeier-2.png?fit=560%2C315&ssl=1",560,315,true],"large":["https:\/\/i0.wp.com\/www.fz-rauenspurg.de\/wp-content\/uploads\/Weihnachtsfeier-2.png?fit=560%2C315&ssl=1",560,315,true],"timeline-express":["https:\/\/i0.wp.com\/www.fz-rauenspurg.de\/wp-content\/uploads\/Weihnachtsfeier-2.png?resize=350%2C120&ssl=1",350,120,true],"timeline-express-thumbnail":["https:\/\/i0.wp.com\/www.fz-rauenspurg.de\/wp-content\/uploads\/Weihnachtsfeier-2.png?resize=200%2C120&ssl=1",200,120,true],"1536x1536":["https:\/\/i0.wp.com\/www.fz-rauenspurg.de\/wp-content\/uploads\/Weihnachtsfeier-2.png?fit=560%2C315&ssl=1",560,315,true],"2048x2048":["https:\/\/i0.wp.com\/www.fz-rauenspurg.de\/wp-content\/uploads\/Weihnachtsfeier-2.png?fit=560%2C315&ssl=1",560,315,true],"trp-custom-language-flag":["https:\/\/i0.wp.com\/www.fz-rauenspurg.de\/wp-content\/uploads\/Weihnachtsfeier-2.png?fit=18%2C10&ssl=1",18,10,true],"sow-carousel-default":["https:\/\/i0.wp.com\/www.fz-rauenspurg.de\/wp-content\/uploads\/Weihnachtsfeier-2.png?resize=272%2C182&ssl=1",272,182,true]},"post_excerpt_stackable_v2":"<p>Der Ticket-Vorverkauf f\u00fcr unser Jubil\u00e4um &#8222;Rauenspurg Fuffzig&#8220; ist gestartet. \ud83c\udf8a 50 Jahre Fanfarenzug Rauenspurg \ud83c\udf8a Feiert mit uns #RauenspurgFuffzig am 30.05.2020Auf unserer gro\u00dfen Jubil\u00e4umsfeier* in der #Oberschwabenhalle werden Euch #Radio7 und #Gs\u00e4lzb\u00e4r ordentlich einheizen. \ud83d\ude0d\ud83d\udd25Der Vorverkauf startet am 02.12.2019.Tickets sind erh\u00e4ltlich bei:&#8211; Uns im Vereinsheim w\u00e4hrend den Probezeiten (Di + Fr ab 19 Uhr)&#8211; Gs\u00e4lzb\u00e4r &#8211; Die Kneipe&#8211; Musikhaus Lange GmbH &amp; Co. KG&#8211; Tourist Information Ravensburg&#8211; Reservix\u2022 Details zum genauen Ablauf, sowie mitwirkenden Gruppen, geben wir in den n\u00e4chsten Wochen bekannt. Weitere Informationen findet Ihr auf unserer Jubil\u00e4ums-Website \ud83d\udc49\ud83c\udffb www.fzr-fuffzig.deWir freuen uns auf ein unvergessliches Jubil\u00e4um mit EUCH!Eure Rauenspurger*Es&hellip;<\/p>\n","category_list_v2":"<a href=\"https:\/\/www.fz-rauenspurg.de\/en\/allgemein\/\" rel=\"category tag\">Allgemein<\/a>","author_info_v2":{"name":"Lukas","url":"https:\/\/www.fz-rauenspurg.de\/en\/author\/lukasmueller\/"},"comments_num_v2":"0 comments","yoast_head":"<!-- This site is optimized with the Yoast SEO plugin v27.5 - https:\/\/yoast.com\/product\/yoast-seo-wordpress\/ -->\n<title>Ticket-Vorverkauf ist gestartet &#8226; Fanfarenzug Rauenspurg e.V.<\/title>\n<meta name=\"robots\" content=\"noindex, follow\" \/>\n<meta property=\"og:locale\" content=\"en_US\" \/>\n<meta property=\"og:type\" content=\"article\" \/>\n<meta property=\"og:title\" content=\"Ticket-Vorverkauf ist gestartet &#8226; Fanfarenzug Rauenspurg e.V.\" \/>\n<meta property=\"og:description\" content=\"Der Ticket-Vorverkauf f\u00fcr unser Jubil\u00e4um &#8222;Rauenspurg Fuffzig&#8220; ist gestartet. &#x1f38a; 50 Jahre Fanfarenzug Rauenspurg &#x1f38a; Feiert mit uns #RauenspurgFuffzig am 30.05.2020Auf unserer gro\u00dfen Jubil\u00e4umsfeier* in der #Oberschwabenhalle werden Euch #Radio7 [&hellip;]\" \/>\n<meta property=\"og:url\" content=\"https:\/\/www.fz-rauenspurg.de\/en\/ticket-vorverkauf-fuer-jubilaeum-ist-gestartet\/\" \/>\n<meta property=\"og:site_name\" content=\"Fanfarenzug Rauenspurg e.V.\" \/>\n<meta property=\"article:publisher\" content=\"http:\/\/www.facebook.com\/fanfarenzug.rauenspurg.e.v.\" \/>\n<meta property=\"article:published_time\" content=\"2019-12-05T11:00:34+00:00\" \/>\n<meta property=\"article:modified_time\" content=\"2020-02-10T16:47:25+00:00\" \/>\n<meta property=\"og:image\" content=\"https:\/\/i0.wp.com\/www.fz-rauenspurg.de\/wp-content\/uploads\/Weihnachtsfeier-2.png?fit=560%2C315&ssl=1\" \/>\n\t<meta property=\"og:image:width\" content=\"560\" \/>\n\t<meta property=\"og:image:height\" content=\"315\" \/>\n\t<meta property=\"og:image:type\" content=\"image\/png\" \/>\n<meta name=\"author\" content=\"Lukas\" \/>\n<meta name=\"twitter:card\" content=\"summary_large_image\" \/>\n<meta name=\"twitter:creator\" content=\"@rauenspurg\" \/>\n<meta name=\"twitter:site\" content=\"@rauenspurg\" \/>\n<meta name=\"twitter:label1\" content=\"Written by\" \/>\n\t<meta name=\"twitter:data1\" content=\"Lukas\" \/>\n\t<meta name=\"twitter:label2\" content=\"Est. reading time\" \/>\n\t<meta name=\"twitter:data2\" content=\"1 minute\" \/>\n<script type=\"application\/ld+json\" class=\"yoast-schema-graph\">{\"@context\":\"https:\\\/\\\/schema.org\",\"@graph\":[{\"@type\":\"Article\",\"@id\":\"https:\\\/\\\/www.fz-rauenspurg.de\\\/ticket-vorverkauf-fuer-jubilaeum-ist-gestartet\\\/#article\",\"isPartOf\":{\"@id\":\"https:\\\/\\\/www.fz-rauenspurg.de\\\/ticket-vorverkauf-fuer-jubilaeum-ist-gestartet\\\/\"},\"author\":{\"name\":\"Lukas\",\"@id\":\"https:\\\/\\\/www.fz-rauenspurg.de\\\/#\\\/schema\\\/person\\\/acf9ca42ad6beddb3dbb4e3e5b8b9aaf\"},\"headline\":\"Ticket-Vorverkauf ist gestartet\",\"datePublished\":\"2019-12-05T11:00:34+00:00\",\"dateModified\":\"2020-02-10T16:47:25+00:00\",\"mainEntityOfPage\":{\"@id\":\"https:\\\/\\\/www.fz-rauenspurg.de\\\/ticket-vorverkauf-fuer-jubilaeum-ist-gestartet\\\/\"},\"wordCount\":160,\"publisher\":{\"@id\":\"https:\\\/\\\/www.fz-rauenspurg.de\\\/#organization\"},\"image\":{\"@id\":\"https:\\\/\\\/www.fz-rauenspurg.de\\\/ticket-vorverkauf-fuer-jubilaeum-ist-gestartet\\\/#primaryimage\"},\"thumbnailUrl\":\"https:\\\/\\\/i0.wp.com\\\/www.fz-rauenspurg.de\\\/wp-content\\\/uploads\\\/Weihnachtsfeier-2.png?fit=560%2C315&ssl=1\",\"keywords\":[\"fuffzig\",\"jubil\u00e4um\",\"ticket\",\"vorverkauf\"],\"articleSection\":[\"Allgemein\"],\"inLanguage\":\"en-US\"},{\"@type\":\"WebPage\",\"@id\":\"https:\\\/\\\/www.fz-rauenspurg.de\\\/ticket-vorverkauf-fuer-jubilaeum-ist-gestartet\\\/\",\"url\":\"https:\\\/\\\/www.fz-rauenspurg.de\\\/ticket-vorverkauf-fuer-jubilaeum-ist-gestartet\\\/\",\"name\":\"Ticket-Vorverkauf ist gestartet &#8226; Fanfarenzug Rauenspurg e.V.\",\"isPartOf\":{\"@id\":\"https:\\\/\\\/www.fz-rauenspurg.de\\\/#website\"},\"primaryImageOfPage\":{\"@id\":\"https:\\\/\\\/www.fz-rauenspurg.de\\\/ticket-vorverkauf-fuer-jubilaeum-ist-gestartet\\\/#primaryimage\"},\"image\":{\"@id\":\"https:\\\/\\\/www.fz-rauenspurg.de\\\/ticket-vorverkauf-fuer-jubilaeum-ist-gestartet\\\/#primaryimage\"},\"thumbnailUrl\":\"https:\\\/\\\/i0.wp.com\\\/www.fz-rauenspurg.de\\\/wp-content\\\/uploads\\\/Weihnachtsfeier-2.png?fit=560%2C315&ssl=1\",\"datePublished\":\"2019-12-05T11:00:34+00:00\",\"dateModified\":\"2020-02-10T16:47:25+00:00\",\"breadcrumb\":{\"@id\":\"https:\\\/\\\/www.fz-rauenspurg.de\\\/ticket-vorverkauf-fuer-jubilaeum-ist-gestartet\\\/#breadcrumb\"},\"inLanguage\":\"en-US\",\"potentialAction\":[{\"@type\":\"ReadAction\",\"target\":[\"https:\\\/\\\/www.fz-rauenspurg.de\\\/ticket-vorverkauf-fuer-jubilaeum-ist-gestartet\\\/\"]}]},{\"@type\":\"ImageObject\",\"inLanguage\":\"en-US\",\"@id\":\"https:\\\/\\\/www.fz-rauenspurg.de\\\/ticket-vorverkauf-fuer-jubilaeum-ist-gestartet\\\/#primaryimage\",\"url\":\"https:\\\/\\\/i0.wp.com\\\/www.fz-rauenspurg.de\\\/wp-content\\\/uploads\\\/Weihnachtsfeier-2.png?fit=560%2C315&ssl=1\",\"contentUrl\":\"https:\\\/\\\/i0.wp.com\\\/www.fz-rauenspurg.de\\\/wp-content\\\/uploads\\\/Weihnachtsfeier-2.png?fit=560%2C315&ssl=1\",\"width\":560,\"height\":315},{\"@type\":\"BreadcrumbList\",\"@id\":\"https:\\\/\\\/www.fz-rauenspurg.de\\\/ticket-vorverkauf-fuer-jubilaeum-ist-gestartet\\\/#breadcrumb\",\"itemListElement\":[{\"@type\":\"ListItem\",\"position\":1,\"name\":\"Startseite\",\"item\":\"https:\\\/\\\/www.fz-rauenspurg.de\\\/\"},{\"@type\":\"ListItem\",\"position\":2,\"name\":\"Ticket-Vorverkauf ist gestartet\"}]},{\"@type\":\"WebSite\",\"@id\":\"https:\\\/\\\/www.fz-rauenspurg.de\\\/#website\",\"url\":\"https:\\\/\\\/www.fz-rauenspurg.de\\\/\",\"name\":\"Fanfarenzug Rauenspurg e.V.\",\"description\":\"der Stadt Ravensburg\",\"publisher\":{\"@id\":\"https:\\\/\\\/www.fz-rauenspurg.de\\\/#organization\"},\"potentialAction\":[{\"@type\":\"SearchAction\",\"target\":{\"@type\":\"EntryPoint\",\"urlTemplate\":\"https:\\\/\\\/www.fz-rauenspurg.de\\\/?s={search_term_string}\"},\"query-input\":{\"@type\":\"PropertyValueSpecification\",\"valueRequired\":true,\"valueName\":\"search_term_string\"}}],\"inLanguage\":\"en-US\"},{\"@type\":\"Organization\",\"@id\":\"https:\\\/\\\/www.fz-rauenspurg.de\\\/#organization\",\"name\":\"Fanfarenzug Rauenspurg e.V. der Stadt Ravensburg\",\"url\":\"https:\\\/\\\/www.fz-rauenspurg.de\\\/\",\"logo\":{\"@type\":\"ImageObject\",\"inLanguage\":\"en-US\",\"@id\":\"https:\\\/\\\/www.fz-rauenspurg.de\\\/#\\\/schema\\\/logo\\\/image\\\/\",\"url\":\"https:\\\/\\\/i0.wp.com\\\/www.fz-rauenspurg.de\\\/wp-content\\\/uploads\\\/cropped-20190515_FZR_Logo-Neu-7.png?fit=4167%2C4167&ssl=1\",\"contentUrl\":\"https:\\\/\\\/i0.wp.com\\\/www.fz-rauenspurg.de\\\/wp-content\\\/uploads\\\/cropped-20190515_FZR_Logo-Neu-7.png?fit=4167%2C4167&ssl=1\",\"width\":4167,\"height\":4167,\"caption\":\"Fanfarenzug Rauenspurg e.V. der Stadt Ravensburg\"},\"image\":{\"@id\":\"https:\\\/\\\/www.fz-rauenspurg.de\\\/#\\\/schema\\\/logo\\\/image\\\/\"},\"sameAs\":[\"http:\\\/\\\/www.facebook.com\\\/fanfarenzug.rauenspurg.e.v.\",\"https:\\\/\\\/x.com\\\/rauenspurg\",\"https:\\\/\\\/www.instagram.com\\\/fanfarenzug.rauenspurg\\\/\",\"https:\\\/\\\/open.spotify.com\\\/artist\\\/1T9nl7w34CIHZa2hI57Il3?si=Wg7bL2dAQYuxixd4g4dTtQ\"]},{\"@type\":\"Person\",\"@id\":\"https:\\\/\\\/www.fz-rauenspurg.de\\\/#\\\/schema\\\/person\\\/acf9ca42ad6beddb3dbb4e3e5b8b9aaf\",\"name\":\"Lukas\",\"image\":{\"@type\":\"ImageObject\",\"inLanguage\":\"en-US\",\"@id\":\"https:\\\/\\\/secure.gravatar.com\\\/avatar\\\/272db67f26ffd9862bc906545f502f6a514aefa848f25dd64a1d0776dfdeef1a?s=96&d=mm&r=g\",\"url\":\"https:\\\/\\\/secure.gravatar.com\\\/avatar\\\/272db67f26ffd9862bc906545f502f6a514aefa848f25dd64a1d0776dfdeef1a?s=96&d=mm&r=g\",\"contentUrl\":\"https:\\\/\\\/secure.gravatar.com\\\/avatar\\\/272db67f26ffd9862bc906545f502f6a514aefa848f25dd64a1d0776dfdeef1a?s=96&d=mm&r=g\",\"caption\":\"Lukas\"}}]}<\/script>\n<!-- \/ Yoast SEO plugin. -->","yoast_head_json":{"title":"Ticket-Vorverkauf ist gestartet &#8226; Fanfarenzug Rauenspurg e.V.","robots":{"index":"noindex","follow":"follow"},"og_locale":"en_US","og_type":"article","og_title":"Ticket-Vorverkauf ist gestartet &#8226; Fanfarenzug Rauenspurg e.V.","og_description":"Der Ticket-Vorverkauf f\u00fcr unser Jubil\u00e4um &#8222;Rauenspurg Fuffzig&#8220; ist gestartet. &#x1f38a; 50 Jahre Fanfarenzug Rauenspurg &#x1f38a; Feiert mit uns #RauenspurgFuffzig am 30.05.2020Auf unserer gro\u00dfen Jubil\u00e4umsfeier* in der #Oberschwabenhalle werden Euch #Radio7 [&hellip;]","og_url":"https:\/\/www.fz-rauenspurg.de\/en\/ticket-vorverkauf-fuer-jubilaeum-ist-gestartet\/","og_site_name":"Fanfarenzug Rauenspurg e.V.","article_publisher":"http:\/\/www.facebook.com\/fanfarenzug.rauenspurg.e.v.","article_published_time":"2019-12-05T11:00:34+00:00","article_modified_time":"2020-02-10T16:47:25+00:00","og_image":[{"width":560,"height":315,"url":"https:\/\/i0.wp.com\/www.fz-rauenspurg.de\/wp-content\/uploads\/Weihnachtsfeier-2.png?fit=560%2C315&ssl=1","type":"image\/png"}],"author":"Lukas","twitter_card":"summary_large_image","twitter_creator":"@rauenspurg","twitter_site":"@rauenspurg","twitter_misc":{"Written by":"Lukas","Est. reading time":"1 minute"},"schema":{"@context":"https:\/\/schema.org","@graph":[{"@type":"Article","@id":"https:\/\/www.fz-rauenspurg.de\/ticket-vorverkauf-fuer-jubilaeum-ist-gestartet\/#article","isPartOf":{"@id":"https:\/\/www.fz-rauenspurg.de\/ticket-vorverkauf-fuer-jubilaeum-ist-gestartet\/"},"author":{"name":"Lukas","@id":"https:\/\/www.fz-rauenspurg.de\/#\/schema\/person\/acf9ca42ad6beddb3dbb4e3e5b8b9aaf"},"headline":"Ticket-Vorverkauf ist gestartet","datePublished":"2019-12-05T11:00:34+00:00","dateModified":"2020-02-10T16:47:25+00:00","mainEntityOfPage":{"@id":"https:\/\/www.fz-rauenspurg.de\/ticket-vorverkauf-fuer-jubilaeum-ist-gestartet\/"},"wordCount":160,"publisher":{"@id":"https:\/\/www.fz-rauenspurg.de\/#organization"},"image":{"@id":"https:\/\/www.fz-rauenspurg.de\/ticket-vorverkauf-fuer-jubilaeum-ist-gestartet\/#primaryimage"},"thumbnailUrl":"https:\/\/i0.wp.com\/www.fz-rauenspurg.de\/wp-content\/uploads\/Weihnachtsfeier-2.png?fit=560%2C315&ssl=1","keywords":["fuffzig","jubil\u00e4um","ticket","vorverkauf"],"articleSection":["Allgemein"],"inLanguage":"en-US"},{"@type":"WebPage","@id":"https:\/\/www.fz-rauenspurg.de\/ticket-vorverkauf-fuer-jubilaeum-ist-gestartet\/","url":"https:\/\/www.fz-rauenspurg.de\/ticket-vorverkauf-fuer-jubilaeum-ist-gestartet\/","name":"Ticket-Vorverkauf ist gestartet &#8226; Fanfarenzug Rauenspurg e.V.","isPartOf":{"@id":"https:\/\/www.fz-rauenspurg.de\/#website"},"primaryImageOfPage":{"@id":"https:\/\/www.fz-rauenspurg.de\/ticket-vorverkauf-fuer-jubilaeum-ist-gestartet\/#primaryimage"},"image":{"@id":"https:\/\/www.fz-rauenspurg.de\/ticket-vorverkauf-fuer-jubilaeum-ist-gestartet\/#primaryimage"},"thumbnailUrl":"https:\/\/i0.wp.com\/www.fz-rauenspurg.de\/wp-content\/uploads\/Weihnachtsfeier-2.png?fit=560%2C315&ssl=1","datePublished":"2019-12-05T11:00:34+00:00","dateModified":"2020-02-10T16:47:25+00:00","breadcrumb":{"@id":"https:\/\/www.fz-rauenspurg.de\/ticket-vorverkauf-fuer-jubilaeum-ist-gestartet\/#breadcrumb"},"inLanguage":"en-US","potentialAction":[{"@type":"ReadAction","target":["https:\/\/www.fz-rauenspurg.de\/ticket-vorverkauf-fuer-jubilaeum-ist-gestartet\/"]}]},{"@type":"ImageObject","inLanguage":"en-US","@id":"https:\/\/www.fz-rauenspurg.de\/ticket-vorverkauf-fuer-jubilaeum-ist-gestartet\/#primaryimage","url":"https:\/\/i0.wp.com\/www.fz-rauenspurg.de\/wp-content\/uploads\/Weihnachtsfeier-2.png?fit=560%2C315&ssl=1","contentUrl":"https:\/\/i0.wp.com\/www.fz-rauenspurg.de\/wp-content\/uploads\/Weihnachtsfeier-2.png?fit=560%2C315&ssl=1","width":560,"height":315},{"@type":"BreadcrumbList","@id":"https:\/\/www.fz-rauenspurg.de\/ticket-vorverkauf-fuer-jubilaeum-ist-gestartet\/#breadcrumb","itemListElement":[{"@type":"ListItem","position":1,"name":"Startseite","item":"https:\/\/www.fz-rauenspurg.de\/"},{"@type":"ListItem","position":2,"name":"Ticket-Vorverkauf ist gestartet"}]},{"@type":"WebSite","@id":"https:\/\/www.fz-rauenspurg.de\/#website","url":"https:\/\/www.fz-rauenspurg.de\/","name":"Fanfarenzug Rauenspurg e.V.","description":"der Stadt Ravensburg","publisher":{"@id":"https:\/\/www.fz-rauenspurg.de\/#organization"},"potentialAction":[{"@type":"SearchAction","target":{"@type":"EntryPoint","urlTemplate":"https:\/\/www.fz-rauenspurg.de\/?s={search_term_string}"},"query-input":{"@type":"PropertyValueSpecification","valueRequired":true,"valueName":"search_term_string"}}],"inLanguage":"en-US"},{"@type":"Organization","@id":"https:\/\/www.fz-rauenspurg.de\/#organization","name":"Fanfarenzug Rauenspurg e.V. der Stadt Ravensburg","url":"https:\/\/www.fz-rauenspurg.de\/","logo":{"@type":"ImageObject","inLanguage":"en-US","@id":"https:\/\/www.fz-rauenspurg.de\/#\/schema\/logo\/image\/","url":"https:\/\/i0.wp.com\/www.fz-rauenspurg.de\/wp-content\/uploads\/cropped-20190515_FZR_Logo-Neu-7.png?fit=4167%2C4167&ssl=1","contentUrl":"https:\/\/i0.wp.com\/www.fz-rauenspurg.de\/wp-content\/uploads\/cropped-20190515_FZR_Logo-Neu-7.png?fit=4167%2C4167&ssl=1","width":4167,"height":4167,"caption":"Fanfarenzug Rauenspurg e.V. der Stadt Ravensburg"},"image":{"@id":"https:\/\/www.fz-rauenspurg.de\/#\/schema\/logo\/image\/"},"sameAs":["http:\/\/www.facebook.com\/fanfarenzug.rauenspurg.e.v.","https:\/\/x.com\/rauenspurg","https:\/\/www.instagram.com\/fanfarenzug.rauenspurg\/","https:\/\/open.spotify.com\/artist\/1T9nl7w34CIHZa2hI57Il3?si=Wg7bL2dAQYuxixd4g4dTtQ"]},{"@type":"Person","@id":"https:\/\/www.fz-rauenspurg.de\/#\/schema\/person\/acf9ca42ad6beddb3dbb4e3e5b8b9aaf","name":"Lukas","image":{"@type":"ImageObject","inLanguage":"en-US","@id":"https:\/\/secure.gravatar.com\/avatar\/272db67f26ffd9862bc906545f502f6a514aefa848f25dd64a1d0776dfdeef1a?s=96&d=mm&r=g","url":"https:\/\/secure.gravatar.com\/avatar\/272db67f26ffd9862bc906545f502f6a514aefa848f25dd64a1d0776dfdeef1a?s=96&d=mm&r=g","contentUrl":"https:\/\/secure.gravatar.com\/avatar\/272db67f26ffd9862bc906545f502f6a514aefa848f25dd64a1d0776dfdeef1a?s=96&d=mm&r=g","caption":"Lukas"}}]}},"jetpack_featured_media_url":"https:\/\/i0.wp.com\/www.fz-rauenspurg.de\/wp-content\/uploads\/Weihnachtsfeier-2.png?fit=560%2C315&ssl=1","jetpack_sharing_enabled":true,"jetpack_shortlink":"https:\/\/wp.me\/p7EInt-VS","_links":{"self":[{"href":"https:\/\/www.fz-rauenspurg.de\/en\/wp-json\/wp\/v2\/posts\/3588","targetHints":{"allow":["GET"]}}],"collection":[{"href":"https:\/\/www.fz-rauenspurg.de\/en\/wp-json\/wp\/v2\/posts"}],"about":[{"href":"https:\/\/www.fz-rauenspurg.de\/en\/wp-json\/wp\/v2\/types\/post"}],"author":[{"embeddable":true,"href":"https:\/\/www.fz-rauenspurg.de\/en\/wp-json\/wp\/v2\/users\/6"}],"replies":[{"embeddable":true,"href":"https:\/\/www.fz-rauenspurg.de\/en\/wp-json\/wp\/v2\/comments?post=3588"}],"version-history":[{"count":6,"href":"https:\/\/www.fz-rauenspurg.de\/en\/wp-json\/wp\/v2\/posts\/3588\/revisions"}],"predecessor-version":[{"id":3625,"href":"https:\/\/www.fz-rauenspurg.de\/en\/wp-json\/wp\/v2\/posts\/3588\/revisions\/3625"}],"wp:featuredmedia":[{"embeddable":true,"href":"https:\/\/www.fz-rauenspurg.de\/en\/wp-json\/wp\/v2\/media\/3592"}],"wp:attachment":[{"href":"https:\/\/www.fz-rauenspurg.de\/en\/wp-json\/wp\/v2\/media?parent=3588"}],"wp:term":[{"taxonomy":"category","embeddable":true,"href":"https:\/\/www.fz-rauenspurg.de\/en\/wp-json\/wp\/v2\/categories?post=3588"},{"taxonomy":"post_tag","embeddable":true,"href":"https:\/\/www.fz-rauenspurg.de\/en\/wp-json\/wp\/v2\/tags?post=3588"}],"curies":[{"name":"wp","href":"https:\/\/api.w.org\/{rel}","templated":true}]}}