{"id":3585,"date":"2019-12-13T11:07:50","date_gmt":"2019-12-13T10:07:50","guid":{"rendered":"https:\/\/www.fz-rauenspurg.de\/?p=3585"},"modified":"2019-12-15T18:07:15","modified_gmt":"2019-12-15T17:07:15","slug":"weihnachtsfeier-2019","status":"publish","type":"post","link":"https:\/\/www.fz-rauenspurg.de\/en\/weihnachtsfeier-2019\/","title":{"rendered":"Weihnachtsfeier 2019"},"content":{"rendered":"<div data-elementor-type=\"wp-post\" data-elementor-id=\"3585\" class=\"elementor elementor-3585\">\n\t\t\t\t\t\t<section class=\"elementor-section elementor-top-section elementor-element elementor-element-a66bce8 elementor-section-boxed elementor-section-height-default elementor-section-height-default\" data-id=\"a66bce8\" data-element_type=\"section\" data-e-type=\"section\">\n\t\t\t\t\t\t<div class=\"elementor-container elementor-column-gap-default\">\n\t\t\t\t\t<div class=\"elementor-column elementor-col-100 elementor-top-column elementor-element elementor-element-fadfbd6\" data-id=\"fadfbd6\" data-element_type=\"column\" data-e-type=\"column\">\n\t\t\t<div class=\"elementor-widget-wrap elementor-element-populated\">\n\t\t\t\t\t\t<div class=\"elementor-element elementor-element-399200c elementor-widget elementor-widget-text-editor\" data-id=\"399200c\" data-element_type=\"widget\" data-e-type=\"widget\" data-widget_type=\"text-editor.default\">\n\t\t\t\t<div class=\"elementor-widget-container\">\n\t\t\t\t\t\t\t\t\t<p>Am Freitag, den 06.12.2019 fand die allj\u00e4hrliche Weihnachtsfeier des Fanfarenzugs statt.In diesem Jahr durften wir eine gro\u00dfe Anzahl an Vereinsmitglieder im Schw\u00f6rsaal in Ravensburg willkommen hei\u00dfen. Nach dem Sektempfang begr\u00fc\u00dfte unser zweiter Vorsitzender Florian Wimmer die Anwesenden, unser erste Vorsitzende Freddy war leider aus privaten Gr\u00fcnden verhindert. Es folgten die Ehrungen f\u00fcr langj\u00e4hrige Mitgliedschaft. Darunter wurde f\u00fcr 3 Jahre aktive Mitgliedschaft Max Betz die bronzene Nadel verliehen. Silber f\u00fcr das 5-j\u00e4hrige dabei sein erhielten Marcel Belser, Sebastian Elmas, Lukas M\u00fcller und Otto Jehle. <span style=\"font-size: inherit;\">F\u00fcr 10 Jahre aktive Mitgliedschaft wurden Frederic Teste (in Abwesenheit) und Felix St\u00fcrmer mit der goldenen Nadel geehrt.\u00a0 \u00a0 \u00a0 \u00a0 \u00a0 \u00a0 \u00a0 \u00a0<\/span><\/p><p><span style=\"font-size: inherit;\">Wir bedanken uns f\u00fcr Eure langj\u00e4hrige Treue.\u00a0<\/span><\/p><p>Einen kurzen R\u00fcckblick auf das vergangene Rutenfest konnten die anwesenden G\u00e4ste, bei der Vorf\u00fchrung eine kurzen Filmes genie\u00dfen, hierf\u00fcr ein Dank an Marcel und Sebastian. F\u00fcr einen runden Abschluss des Abends sorgten das Kommen des Nikolauses, der wieder viel Lob und Tadel f\u00fcr unsere aktiven Mitglieder hatte, sowie unsere bew\u00e4hrte Tombola.<\/p><p>An dieser Stelle danken wir nochmals allen Spendern.<\/p><p>Wir w\u00fcnschen allen Mitgliedern, G\u00f6nnern und Freunden des Fanfarenzug Rauenspurg e.V. frohe Weihnachten!<\/p>\t\t\t\t\t\t\t\t<\/div>\n\t\t\t\t<\/div>\n\t\t\t\t\t<\/div>\n\t\t<\/div>\n\t\t\t\t\t<\/div>\n\t\t<\/section>\n\t\t\t\t<section class=\"elementor-section elementor-top-section elementor-element elementor-element-f36e832 elementor-section-boxed elementor-section-height-default elementor-section-height-default\" data-id=\"f36e832\" data-element_type=\"section\" data-e-type=\"section\">\n\t\t\t\t\t\t<div class=\"elementor-container elementor-column-gap-default\">\n\t\t\t\t\t<div class=\"elementor-column elementor-col-100 elementor-top-column elementor-element elementor-element-903e643\" data-id=\"903e643\" data-element_type=\"column\" data-e-type=\"column\">\n\t\t\t<div class=\"elementor-widget-wrap elementor-element-populated\">\n\t\t\t\t\t\t<div class=\"elementor-element elementor-element-ae483d9 elementor-arrows-position-inside elementor-widget elementor-widget-image-carousel\" data-id=\"ae483d9\" data-element_type=\"widget\" data-e-type=\"widget\" data-settings=\"{&quot;navigation&quot;:&quot;arrows&quot;,&quot;autoplay&quot;:&quot;yes&quot;,&quot;pause_on_hover&quot;:&quot;yes&quot;,&quot;pause_on_interaction&quot;:&quot;yes&quot;,&quot;autoplay_speed&quot;:5000,&quot;infinite&quot;:&quot;yes&quot;,&quot;speed&quot;:500}\" data-widget_type=\"image-carousel.default\">\n\t\t\t\t<div class=\"elementor-widget-container\">\n\t\t\t\t\t\t\t<div class=\"elementor-image-carousel-wrapper swiper\" role=\"region\" aria-roledescription=\"carousel\" aria-label=\"Image Carousel\" dir=\"ltr\">\n\t\t\t<div class=\"elementor-image-carousel swiper-wrapper\" aria-live=\"off\">\n\t\t\t\t\t\t\t\t<div class=\"swiper-slide\" role=\"group\" aria-roledescription=\"slide\" aria-label=\"1 of 3\" data-no-translation-aria-label=\"\"><a data-elementor-open-lightbox=\"yes\" data-elementor-lightbox-slideshow=\"ae483d9\" data-elementor-lightbox-title=\"WhatsApp Image 2019-12-06 at 19.20.12\" data-e-action-hash=\"#elementor-action%3Aaction%3Dlightbox%26settings%3DeyJpZCI6MzU5NywidXJsIjoiaHR0cHM6XC9cL3d3dy5mei1yYXVlbnNwdXJnLmRlXC93cC1jb250ZW50XC91cGxvYWRzXC9XaGF0c0FwcC1JbWFnZS0yMDE5LTEyLTA2LWF0LTE5LjIwLjEyLmpwZWciLCJzbGlkZXNob3ciOiJhZTQ4M2Q5In0%3D\" href=\"https:\/\/i0.wp.com\/www.fz-rauenspurg.de\/wp-content\/uploads\/WhatsApp-Image-2019-12-06-at-19.20.12.jpeg?ssl=1\"><figure class=\"swiper-slide-inner\"><img decoding=\"async\" class=\"swiper-slide-image lazyload\" data-src=\"https:\/\/i0.wp.com\/www.fz-rauenspurg.de\/wp-content\/uploads\/WhatsApp-Image-2019-12-06-at-19.20.12.jpeg?fit=768%2C576&amp;ssl=1\" alt=\"WhatsApp Image 2019-12-06 at 19.20.12\" src=\"data:image\/svg+xml;base64,PHN2ZyB3aWR0aD0iMSIgaGVpZ2h0PSIxIiB4bWxucz0iaHR0cDovL3d3dy53My5vcmcvMjAwMC9zdmciPjwvc3ZnPg==\" \/><\/figure><\/a><\/div><div class=\"swiper-slide\" role=\"group\" aria-roledescription=\"slide\" aria-label=\"2 of 3\" data-no-translation-aria-label=\"\"><a data-elementor-open-lightbox=\"yes\" data-elementor-lightbox-slideshow=\"ae483d9\" data-elementor-lightbox-title=\"WhatsApp Image 2019-12-06 at 19.20.13\" data-e-action-hash=\"#elementor-action%3Aaction%3Dlightbox%26settings%3DeyJpZCI6MzU5OCwidXJsIjoiaHR0cHM6XC9cL3d3dy5mei1yYXVlbnNwdXJnLmRlXC93cC1jb250ZW50XC91cGxvYWRzXC9XaGF0c0FwcC1JbWFnZS0yMDE5LTEyLTA2LWF0LTE5LjIwLjEzLmpwZWciLCJzbGlkZXNob3ciOiJhZTQ4M2Q5In0%3D\" href=\"https:\/\/i0.wp.com\/www.fz-rauenspurg.de\/wp-content\/uploads\/WhatsApp-Image-2019-12-06-at-19.20.13.jpeg?ssl=1\"><figure class=\"swiper-slide-inner\"><img decoding=\"async\" class=\"swiper-slide-image lazyload\" data-src=\"https:\/\/i0.wp.com\/www.fz-rauenspurg.de\/wp-content\/uploads\/WhatsApp-Image-2019-12-06-at-19.20.13.jpeg?fit=768%2C576&amp;ssl=1\" alt=\"WhatsApp Image 2019-12-06 at 19.20.13\" src=\"data:image\/svg+xml;base64,PHN2ZyB3aWR0aD0iMSIgaGVpZ2h0PSIxIiB4bWxucz0iaHR0cDovL3d3dy53My5vcmcvMjAwMC9zdmciPjwvc3ZnPg==\" \/><\/figure><\/a><\/div><div class=\"swiper-slide\" role=\"group\" aria-roledescription=\"slide\" aria-label=\"3 of 3\" data-no-translation-aria-label=\"\"><a data-elementor-open-lightbox=\"yes\" data-elementor-lightbox-slideshow=\"ae483d9\" data-elementor-lightbox-title=\"WhatsApp Image 2019-12-06 at 19.20.14\" data-e-action-hash=\"#elementor-action%3Aaction%3Dlightbox%26settings%3DeyJpZCI6MzU5OSwidXJsIjoiaHR0cHM6XC9cL3d3dy5mei1yYXVlbnNwdXJnLmRlXC93cC1jb250ZW50XC91cGxvYWRzXC9XaGF0c0FwcC1JbWFnZS0yMDE5LTEyLTA2LWF0LTE5LjIwLjE0LmpwZWciLCJzbGlkZXNob3ciOiJhZTQ4M2Q5In0%3D\" href=\"https:\/\/i0.wp.com\/www.fz-rauenspurg.de\/wp-content\/uploads\/WhatsApp-Image-2019-12-06-at-19.20.14.jpeg?ssl=1\"><figure class=\"swiper-slide-inner\"><img decoding=\"async\" class=\"swiper-slide-image lazyload\" data-src=\"https:\/\/i0.wp.com\/www.fz-rauenspurg.de\/wp-content\/uploads\/WhatsApp-Image-2019-12-06-at-19.20.14.jpeg?fit=768%2C576&amp;ssl=1\" alt=\"WhatsApp Image 2019-12-06 at 19.20.14\" src=\"data:image\/svg+xml;base64,PHN2ZyB3aWR0aD0iMSIgaGVpZ2h0PSIxIiB4bWxucz0iaHR0cDovL3d3dy53My5vcmcvMjAwMC9zdmciPjwvc3ZnPg==\" \/><\/figure><\/a><\/div>\t\t\t<\/div>\n\t\t\t\t\t\t\t\t\t\t\t\t<div class=\"elementor-swiper-button elementor-swiper-button-prev\" role=\"button\" tabindex=\"0\">\n\t\t\t\t\t\t<i aria-hidden=\"true\" class=\"eicon-chevron-left\"><\/i>\t\t\t\t\t<\/div>\n\t\t\t\t\t<div class=\"elementor-swiper-button elementor-swiper-button-next\" role=\"button\" tabindex=\"0\">\n\t\t\t\t\t\t<i aria-hidden=\"true\" class=\"eicon-chevron-right\"><\/i>\t\t\t\t\t<\/div>\n\t\t\t\t\n\t\t\t\t\t\t\t\t\t<\/div>\n\t\t\t\t\t\t<\/div>\n\t\t\t\t<\/div>\n\t\t\t\t\t<\/div>\n\t\t<\/div>\n\t\t\t\t\t<\/div>\n\t\t<\/section>\n\t\t\t\t<\/div>","protected":false},"excerpt":{"rendered":"<p>Am Freitag, den 06.12.2019 fand die allj\u00e4hrliche Weihnachtsfeier des Fanfarenzugs statt.In diesem Jahr durften wir eine gro\u00dfe Anzahl an Vereinsmitglieder im Schw\u00f6rsaal in Ravensburg willkommen hei\u00dfen. Nach dem Sektempfang begr\u00fc\u00dfte [&hellip;]<\/p>\n","protected":false},"author":6,"featured_media":3586,"comment_status":"closed","ping_status":"open","sticky":false,"template":"","format":"standard","meta":{"_jetpack_newsletter_access":"","_jetpack_dont_email_post_to_subs":false,"_jetpack_newsletter_tier_id":0,"_jetpack_memberships_contains_paywalled_content":false,"_jetpack_memberships_contains_paid_content":false,"footnotes":""},"categories":[1],"tags":[],"class_list":["post-3585","post","type-post","status-publish","format-standard","has-post-thumbnail","hentry","category-allgemein"],"blocksy_meta":{"styles_descriptor":{"styles":{"desktop":"","tablet":"","mobile":""},"google_fonts":[],"version":6}},"featured_image_urls_v2":{"full":["https:\/\/i0.wp.com\/www.fz-rauenspurg.de\/wp-content\/uploads\/Weihnachtsfeier.png?fit=560%2C315&ssl=1",560,315,false],"thumbnail":["https:\/\/i0.wp.com\/www.fz-rauenspurg.de\/wp-content\/uploads\/Weihnachtsfeier.png?resize=150%2C150&ssl=1",150,150,true],"medium":["https:\/\/i0.wp.com\/www.fz-rauenspurg.de\/wp-content\/uploads\/Weihnachtsfeier.png?fit=300%2C169&ssl=1",300,169,true],"medium_large":["https:\/\/i0.wp.com\/www.fz-rauenspurg.de\/wp-content\/uploads\/Weihnachtsfeier.png?fit=560%2C315&ssl=1",560,315,true],"large":["https:\/\/i0.wp.com\/www.fz-rauenspurg.de\/wp-content\/uploads\/Weihnachtsfeier.png?fit=560%2C315&ssl=1",560,315,true],"timeline-express":["https:\/\/i0.wp.com\/www.fz-rauenspurg.de\/wp-content\/uploads\/Weihnachtsfeier.png?resize=350%2C120&ssl=1",350,120,true],"timeline-express-thumbnail":["https:\/\/i0.wp.com\/www.fz-rauenspurg.de\/wp-content\/uploads\/Weihnachtsfeier.png?resize=200%2C120&ssl=1",200,120,true],"1536x1536":["https:\/\/i0.wp.com\/www.fz-rauenspurg.de\/wp-content\/uploads\/Weihnachtsfeier.png?fit=560%2C315&ssl=1",560,315,true],"2048x2048":["https:\/\/i0.wp.com\/www.fz-rauenspurg.de\/wp-content\/uploads\/Weihnachtsfeier.png?fit=560%2C315&ssl=1",560,315,true],"trp-custom-language-flag":["https:\/\/i0.wp.com\/www.fz-rauenspurg.de\/wp-content\/uploads\/Weihnachtsfeier.png?fit=18%2C10&ssl=1",18,10,true],"sow-carousel-default":["https:\/\/i0.wp.com\/www.fz-rauenspurg.de\/wp-content\/uploads\/Weihnachtsfeier.png?resize=272%2C182&ssl=1",272,182,true]},"post_excerpt_stackable_v2":"<p>Am Freitag, den 06.12.2019 fand die allj\u00e4hrliche Weihnachtsfeier des Fanfarenzugs statt.In diesem Jahr durften wir eine gro\u00dfe Anzahl an Vereinsmitglieder im Schw\u00f6rsaal in Ravensburg willkommen hei\u00dfen. Nach dem Sektempfang begr\u00fc\u00dfte unser zweiter Vorsitzender Florian Wimmer die Anwesenden, unser erste Vorsitzende Freddy war leider aus privaten Gr\u00fcnden verhindert. Es folgten die Ehrungen f\u00fcr langj\u00e4hrige Mitgliedschaft. Darunter wurde f\u00fcr 3 Jahre aktive Mitgliedschaft Max Betz die bronzene Nadel verliehen. Silber f\u00fcr das 5-j\u00e4hrige dabei sein erhielten Marcel Belser, Sebastian Elmas, Lukas M\u00fcller und Otto Jehle. F\u00fcr 10 Jahre aktive Mitgliedschaft wurden Frederic Teste (in Abwesenheit) und Felix St\u00fcrmer mit der goldenen Nadel&hellip;<\/p>\n","category_list_v2":"<a href=\"https:\/\/www.fz-rauenspurg.de\/en\/allgemein\/\" rel=\"category tag\">Allgemein<\/a>","author_info_v2":{"name":"Lukas","url":"https:\/\/www.fz-rauenspurg.de\/en\/author\/lukasmueller\/"},"comments_num_v2":"0 comments","yoast_head":"<!-- This site is optimized with the Yoast SEO plugin v27.5 - https:\/\/yoast.com\/product\/yoast-seo-wordpress\/ -->\n<title>Weihnachtsfeier 2019 &#8226; Fanfarenzug Rauenspurg e.V.<\/title>\n<meta name=\"robots\" content=\"noindex, follow\" \/>\n<meta property=\"og:locale\" content=\"en_US\" \/>\n<meta property=\"og:type\" content=\"article\" \/>\n<meta property=\"og:title\" content=\"Weihnachtsfeier 2019 &#8226; Fanfarenzug Rauenspurg e.V.\" \/>\n<meta property=\"og:description\" content=\"Am Freitag, den 06.12.2019 fand die allj\u00e4hrliche Weihnachtsfeier des Fanfarenzugs statt.In diesem Jahr durften wir eine gro\u00dfe Anzahl an Vereinsmitglieder im Schw\u00f6rsaal in Ravensburg willkommen hei\u00dfen. Nach dem Sektempfang begr\u00fc\u00dfte [&hellip;]\" \/>\n<meta property=\"og:url\" content=\"https:\/\/www.fz-rauenspurg.de\/en\/weihnachtsfeier-2019\/\" \/>\n<meta property=\"og:site_name\" content=\"Fanfarenzug Rauenspurg e.V.\" \/>\n<meta property=\"article:publisher\" content=\"http:\/\/www.facebook.com\/fanfarenzug.rauenspurg.e.v.\" \/>\n<meta property=\"article:published_time\" content=\"2019-12-13T10:07:50+00:00\" \/>\n<meta property=\"article:modified_time\" content=\"2019-12-15T17:07:15+00:00\" \/>\n<meta property=\"og:image\" content=\"https:\/\/i0.wp.com\/www.fz-rauenspurg.de\/wp-content\/uploads\/Weihnachtsfeier.png?fit=560%2C315&ssl=1\" \/>\n\t<meta property=\"og:image:width\" content=\"560\" \/>\n\t<meta property=\"og:image:height\" content=\"315\" \/>\n\t<meta property=\"og:image:type\" content=\"image\/png\" \/>\n<meta name=\"author\" content=\"Lukas\" \/>\n<meta name=\"twitter:card\" content=\"summary_large_image\" \/>\n<meta name=\"twitter:creator\" content=\"@rauenspurg\" \/>\n<meta name=\"twitter:site\" content=\"@rauenspurg\" \/>\n<meta name=\"twitter:label1\" content=\"Written by\" \/>\n\t<meta name=\"twitter:data1\" content=\"Lukas\" \/>\n\t<meta name=\"twitter:label2\" content=\"Est. reading time\" \/>\n\t<meta name=\"twitter:data2\" content=\"1 minute\" \/>\n<script type=\"application\/ld+json\" class=\"yoast-schema-graph\">{\"@context\":\"https:\\\/\\\/schema.org\",\"@graph\":[{\"@type\":\"Article\",\"@id\":\"https:\\\/\\\/www.fz-rauenspurg.de\\\/weihnachtsfeier-2019\\\/#article\",\"isPartOf\":{\"@id\":\"https:\\\/\\\/www.fz-rauenspurg.de\\\/weihnachtsfeier-2019\\\/\"},\"author\":{\"name\":\"Lukas\",\"@id\":\"https:\\\/\\\/www.fz-rauenspurg.de\\\/#\\\/schema\\\/person\\\/acf9ca42ad6beddb3dbb4e3e5b8b9aaf\"},\"headline\":\"Weihnachtsfeier 2019\",\"datePublished\":\"2019-12-13T10:07:50+00:00\",\"dateModified\":\"2019-12-15T17:07:15+00:00\",\"mainEntityOfPage\":{\"@id\":\"https:\\\/\\\/www.fz-rauenspurg.de\\\/weihnachtsfeier-2019\\\/\"},\"wordCount\":209,\"publisher\":{\"@id\":\"https:\\\/\\\/www.fz-rauenspurg.de\\\/#organization\"},\"image\":{\"@id\":\"https:\\\/\\\/www.fz-rauenspurg.de\\\/weihnachtsfeier-2019\\\/#primaryimage\"},\"thumbnailUrl\":\"https:\\\/\\\/i0.wp.com\\\/www.fz-rauenspurg.de\\\/wp-content\\\/uploads\\\/Weihnachtsfeier.png?fit=560%2C315&ssl=1\",\"articleSection\":[\"Allgemein\"],\"inLanguage\":\"en-US\"},{\"@type\":\"WebPage\",\"@id\":\"https:\\\/\\\/www.fz-rauenspurg.de\\\/weihnachtsfeier-2019\\\/\",\"url\":\"https:\\\/\\\/www.fz-rauenspurg.de\\\/weihnachtsfeier-2019\\\/\",\"name\":\"Weihnachtsfeier 2019 &#8226; Fanfarenzug Rauenspurg e.V.\",\"isPartOf\":{\"@id\":\"https:\\\/\\\/www.fz-rauenspurg.de\\\/#website\"},\"primaryImageOfPage\":{\"@id\":\"https:\\\/\\\/www.fz-rauenspurg.de\\\/weihnachtsfeier-2019\\\/#primaryimage\"},\"image\":{\"@id\":\"https:\\\/\\\/www.fz-rauenspurg.de\\\/weihnachtsfeier-2019\\\/#primaryimage\"},\"thumbnailUrl\":\"https:\\\/\\\/i0.wp.com\\\/www.fz-rauenspurg.de\\\/wp-content\\\/uploads\\\/Weihnachtsfeier.png?fit=560%2C315&ssl=1\",\"datePublished\":\"2019-12-13T10:07:50+00:00\",\"dateModified\":\"2019-12-15T17:07:15+00:00\",\"breadcrumb\":{\"@id\":\"https:\\\/\\\/www.fz-rauenspurg.de\\\/weihnachtsfeier-2019\\\/#breadcrumb\"},\"inLanguage\":\"en-US\",\"potentialAction\":[{\"@type\":\"ReadAction\",\"target\":[\"https:\\\/\\\/www.fz-rauenspurg.de\\\/weihnachtsfeier-2019\\\/\"]}]},{\"@type\":\"ImageObject\",\"inLanguage\":\"en-US\",\"@id\":\"https:\\\/\\\/www.fz-rauenspurg.de\\\/weihnachtsfeier-2019\\\/#primaryimage\",\"url\":\"https:\\\/\\\/i0.wp.com\\\/www.fz-rauenspurg.de\\\/wp-content\\\/uploads\\\/Weihnachtsfeier.png?fit=560%2C315&ssl=1\",\"contentUrl\":\"https:\\\/\\\/i0.wp.com\\\/www.fz-rauenspurg.de\\\/wp-content\\\/uploads\\\/Weihnachtsfeier.png?fit=560%2C315&ssl=1\",\"width\":560,\"height\":315},{\"@type\":\"BreadcrumbList\",\"@id\":\"https:\\\/\\\/www.fz-rauenspurg.de\\\/weihnachtsfeier-2019\\\/#breadcrumb\",\"itemListElement\":[{\"@type\":\"ListItem\",\"position\":1,\"name\":\"Startseite\",\"item\":\"https:\\\/\\\/www.fz-rauenspurg.de\\\/\"},{\"@type\":\"ListItem\",\"position\":2,\"name\":\"Weihnachtsfeier 2019\"}]},{\"@type\":\"WebSite\",\"@id\":\"https:\\\/\\\/www.fz-rauenspurg.de\\\/#website\",\"url\":\"https:\\\/\\\/www.fz-rauenspurg.de\\\/\",\"name\":\"Fanfarenzug Rauenspurg e.V.\",\"description\":\"der Stadt Ravensburg\",\"publisher\":{\"@id\":\"https:\\\/\\\/www.fz-rauenspurg.de\\\/#organization\"},\"potentialAction\":[{\"@type\":\"SearchAction\",\"target\":{\"@type\":\"EntryPoint\",\"urlTemplate\":\"https:\\\/\\\/www.fz-rauenspurg.de\\\/?s={search_term_string}\"},\"query-input\":{\"@type\":\"PropertyValueSpecification\",\"valueRequired\":true,\"valueName\":\"search_term_string\"}}],\"inLanguage\":\"en-US\"},{\"@type\":\"Organization\",\"@id\":\"https:\\\/\\\/www.fz-rauenspurg.de\\\/#organization\",\"name\":\"Fanfarenzug Rauenspurg e.V. der Stadt Ravensburg\",\"url\":\"https:\\\/\\\/www.fz-rauenspurg.de\\\/\",\"logo\":{\"@type\":\"ImageObject\",\"inLanguage\":\"en-US\",\"@id\":\"https:\\\/\\\/www.fz-rauenspurg.de\\\/#\\\/schema\\\/logo\\\/image\\\/\",\"url\":\"https:\\\/\\\/i0.wp.com\\\/www.fz-rauenspurg.de\\\/wp-content\\\/uploads\\\/cropped-20190515_FZR_Logo-Neu-7.png?fit=4167%2C4167&ssl=1\",\"contentUrl\":\"https:\\\/\\\/i0.wp.com\\\/www.fz-rauenspurg.de\\\/wp-content\\\/uploads\\\/cropped-20190515_FZR_Logo-Neu-7.png?fit=4167%2C4167&ssl=1\",\"width\":4167,\"height\":4167,\"caption\":\"Fanfarenzug Rauenspurg e.V. der Stadt Ravensburg\"},\"image\":{\"@id\":\"https:\\\/\\\/www.fz-rauenspurg.de\\\/#\\\/schema\\\/logo\\\/image\\\/\"},\"sameAs\":[\"http:\\\/\\\/www.facebook.com\\\/fanfarenzug.rauenspurg.e.v.\",\"https:\\\/\\\/x.com\\\/rauenspurg\",\"https:\\\/\\\/www.instagram.com\\\/fanfarenzug.rauenspurg\\\/\",\"https:\\\/\\\/open.spotify.com\\\/artist\\\/1T9nl7w34CIHZa2hI57Il3?si=Wg7bL2dAQYuxixd4g4dTtQ\"]},{\"@type\":\"Person\",\"@id\":\"https:\\\/\\\/www.fz-rauenspurg.de\\\/#\\\/schema\\\/person\\\/acf9ca42ad6beddb3dbb4e3e5b8b9aaf\",\"name\":\"Lukas\",\"image\":{\"@type\":\"ImageObject\",\"inLanguage\":\"en-US\",\"@id\":\"https:\\\/\\\/secure.gravatar.com\\\/avatar\\\/272db67f26ffd9862bc906545f502f6a514aefa848f25dd64a1d0776dfdeef1a?s=96&d=mm&r=g\",\"url\":\"https:\\\/\\\/secure.gravatar.com\\\/avatar\\\/272db67f26ffd9862bc906545f502f6a514aefa848f25dd64a1d0776dfdeef1a?s=96&d=mm&r=g\",\"contentUrl\":\"https:\\\/\\\/secure.gravatar.com\\\/avatar\\\/272db67f26ffd9862bc906545f502f6a514aefa848f25dd64a1d0776dfdeef1a?s=96&d=mm&r=g\",\"caption\":\"Lukas\"}}]}<\/script>\n<!-- \/ Yoast SEO plugin. -->","yoast_head_json":{"title":"Weihnachtsfeier 2019 &#8226; Fanfarenzug Rauenspurg e.V.","robots":{"index":"noindex","follow":"follow"},"og_locale":"en_US","og_type":"article","og_title":"Weihnachtsfeier 2019 &#8226; Fanfarenzug Rauenspurg e.V.","og_description":"Am Freitag, den 06.12.2019 fand die allj\u00e4hrliche Weihnachtsfeier des Fanfarenzugs statt.In diesem Jahr durften wir eine gro\u00dfe Anzahl an Vereinsmitglieder im Schw\u00f6rsaal in Ravensburg willkommen hei\u00dfen. Nach dem Sektempfang begr\u00fc\u00dfte [&hellip;]","og_url":"https:\/\/www.fz-rauenspurg.de\/en\/weihnachtsfeier-2019\/","og_site_name":"Fanfarenzug Rauenspurg e.V.","article_publisher":"http:\/\/www.facebook.com\/fanfarenzug.rauenspurg.e.v.","article_published_time":"2019-12-13T10:07:50+00:00","article_modified_time":"2019-12-15T17:07:15+00:00","og_image":[{"width":560,"height":315,"url":"https:\/\/i0.wp.com\/www.fz-rauenspurg.de\/wp-content\/uploads\/Weihnachtsfeier.png?fit=560%2C315&ssl=1","type":"image\/png"}],"author":"Lukas","twitter_card":"summary_large_image","twitter_creator":"@rauenspurg","twitter_site":"@rauenspurg","twitter_misc":{"Written by":"Lukas","Est. reading time":"1 minute"},"schema":{"@context":"https:\/\/schema.org","@graph":[{"@type":"Article","@id":"https:\/\/www.fz-rauenspurg.de\/weihnachtsfeier-2019\/#article","isPartOf":{"@id":"https:\/\/www.fz-rauenspurg.de\/weihnachtsfeier-2019\/"},"author":{"name":"Lukas","@id":"https:\/\/www.fz-rauenspurg.de\/#\/schema\/person\/acf9ca42ad6beddb3dbb4e3e5b8b9aaf"},"headline":"Weihnachtsfeier 2019","datePublished":"2019-12-13T10:07:50+00:00","dateModified":"2019-12-15T17:07:15+00:00","mainEntityOfPage":{"@id":"https:\/\/www.fz-rauenspurg.de\/weihnachtsfeier-2019\/"},"wordCount":209,"publisher":{"@id":"https:\/\/www.fz-rauenspurg.de\/#organization"},"image":{"@id":"https:\/\/www.fz-rauenspurg.de\/weihnachtsfeier-2019\/#primaryimage"},"thumbnailUrl":"https:\/\/i0.wp.com\/www.fz-rauenspurg.de\/wp-content\/uploads\/Weihnachtsfeier.png?fit=560%2C315&ssl=1","articleSection":["Allgemein"],"inLanguage":"en-US"},{"@type":"WebPage","@id":"https:\/\/www.fz-rauenspurg.de\/weihnachtsfeier-2019\/","url":"https:\/\/www.fz-rauenspurg.de\/weihnachtsfeier-2019\/","name":"Weihnachtsfeier 2019 &#8226; Fanfarenzug Rauenspurg e.V.","isPartOf":{"@id":"https:\/\/www.fz-rauenspurg.de\/#website"},"primaryImageOfPage":{"@id":"https:\/\/www.fz-rauenspurg.de\/weihnachtsfeier-2019\/#primaryimage"},"image":{"@id":"https:\/\/www.fz-rauenspurg.de\/weihnachtsfeier-2019\/#primaryimage"},"thumbnailUrl":"https:\/\/i0.wp.com\/www.fz-rauenspurg.de\/wp-content\/uploads\/Weihnachtsfeier.png?fit=560%2C315&ssl=1","datePublished":"2019-12-13T10:07:50+00:00","dateModified":"2019-12-15T17:07:15+00:00","breadcrumb":{"@id":"https:\/\/www.fz-rauenspurg.de\/weihnachtsfeier-2019\/#breadcrumb"},"inLanguage":"en-US","potentialAction":[{"@type":"ReadAction","target":["https:\/\/www.fz-rauenspurg.de\/weihnachtsfeier-2019\/"]}]},{"@type":"ImageObject","inLanguage":"en-US","@id":"https:\/\/www.fz-rauenspurg.de\/weihnachtsfeier-2019\/#primaryimage","url":"https:\/\/i0.wp.com\/www.fz-rauenspurg.de\/wp-content\/uploads\/Weihnachtsfeier.png?fit=560%2C315&ssl=1","contentUrl":"https:\/\/i0.wp.com\/www.fz-rauenspurg.de\/wp-content\/uploads\/Weihnachtsfeier.png?fit=560%2C315&ssl=1","width":560,"height":315},{"@type":"BreadcrumbList","@id":"https:\/\/www.fz-rauenspurg.de\/weihnachtsfeier-2019\/#breadcrumb","itemListElement":[{"@type":"ListItem","position":1,"name":"Startseite","item":"https:\/\/www.fz-rauenspurg.de\/"},{"@type":"ListItem","position":2,"name":"Weihnachtsfeier 2019"}]},{"@type":"WebSite","@id":"https:\/\/www.fz-rauenspurg.de\/#website","url":"https:\/\/www.fz-rauenspurg.de\/","name":"Fanfarenzug Rauenspurg e.V.","description":"der Stadt Ravensburg","publisher":{"@id":"https:\/\/www.fz-rauenspurg.de\/#organization"},"potentialAction":[{"@type":"SearchAction","target":{"@type":"EntryPoint","urlTemplate":"https:\/\/www.fz-rauenspurg.de\/?s={search_term_string}"},"query-input":{"@type":"PropertyValueSpecification","valueRequired":true,"valueName":"search_term_string"}}],"inLanguage":"en-US"},{"@type":"Organization","@id":"https:\/\/www.fz-rauenspurg.de\/#organization","name":"Fanfarenzug Rauenspurg e.V. der Stadt Ravensburg","url":"https:\/\/www.fz-rauenspurg.de\/","logo":{"@type":"ImageObject","inLanguage":"en-US","@id":"https:\/\/www.fz-rauenspurg.de\/#\/schema\/logo\/image\/","url":"https:\/\/i0.wp.com\/www.fz-rauenspurg.de\/wp-content\/uploads\/cropped-20190515_FZR_Logo-Neu-7.png?fit=4167%2C4167&ssl=1","contentUrl":"https:\/\/i0.wp.com\/www.fz-rauenspurg.de\/wp-content\/uploads\/cropped-20190515_FZR_Logo-Neu-7.png?fit=4167%2C4167&ssl=1","width":4167,"height":4167,"caption":"Fanfarenzug Rauenspurg e.V. der Stadt Ravensburg"},"image":{"@id":"https:\/\/www.fz-rauenspurg.de\/#\/schema\/logo\/image\/"},"sameAs":["http:\/\/www.facebook.com\/fanfarenzug.rauenspurg.e.v.","https:\/\/x.com\/rauenspurg","https:\/\/www.instagram.com\/fanfarenzug.rauenspurg\/","https:\/\/open.spotify.com\/artist\/1T9nl7w34CIHZa2hI57Il3?si=Wg7bL2dAQYuxixd4g4dTtQ"]},{"@type":"Person","@id":"https:\/\/www.fz-rauenspurg.de\/#\/schema\/person\/acf9ca42ad6beddb3dbb4e3e5b8b9aaf","name":"Lukas","image":{"@type":"ImageObject","inLanguage":"en-US","@id":"https:\/\/secure.gravatar.com\/avatar\/272db67f26ffd9862bc906545f502f6a514aefa848f25dd64a1d0776dfdeef1a?s=96&d=mm&r=g","url":"https:\/\/secure.gravatar.com\/avatar\/272db67f26ffd9862bc906545f502f6a514aefa848f25dd64a1d0776dfdeef1a?s=96&d=mm&r=g","contentUrl":"https:\/\/secure.gravatar.com\/avatar\/272db67f26ffd9862bc906545f502f6a514aefa848f25dd64a1d0776dfdeef1a?s=96&d=mm&r=g","caption":"Lukas"}}]}},"jetpack_featured_media_url":"https:\/\/i0.wp.com\/www.fz-rauenspurg.de\/wp-content\/uploads\/Weihnachtsfeier.png?fit=560%2C315&ssl=1","jetpack_sharing_enabled":true,"jetpack_shortlink":"https:\/\/wp.me\/p7EInt-VP","_links":{"self":[{"href":"https:\/\/www.fz-rauenspurg.de\/en\/wp-json\/wp\/v2\/posts\/3585","targetHints":{"allow":["GET"]}}],"collection":[{"href":"https:\/\/www.fz-rauenspurg.de\/en\/wp-json\/wp\/v2\/posts"}],"about":[{"href":"https:\/\/www.fz-rauenspurg.de\/en\/wp-json\/wp\/v2\/types\/post"}],"author":[{"embeddable":true,"href":"https:\/\/www.fz-rauenspurg.de\/en\/wp-json\/wp\/v2\/users\/6"}],"replies":[{"embeddable":true,"href":"https:\/\/www.fz-rauenspurg.de\/en\/wp-json\/wp\/v2\/comments?post=3585"}],"version-history":[{"count":12,"href":"https:\/\/www.fz-rauenspurg.de\/en\/wp-json\/wp\/v2\/posts\/3585\/revisions"}],"predecessor-version":[{"id":3614,"href":"https:\/\/www.fz-rauenspurg.de\/en\/wp-json\/wp\/v2\/posts\/3585\/revisions\/3614"}],"wp:featuredmedia":[{"embeddable":true,"href":"https:\/\/www.fz-rauenspurg.de\/en\/wp-json\/wp\/v2\/media\/3586"}],"wp:attachment":[{"href":"https:\/\/www.fz-rauenspurg.de\/en\/wp-json\/wp\/v2\/media?parent=3585"}],"wp:term":[{"taxonomy":"category","embeddable":true,"href":"https:\/\/www.fz-rauenspurg.de\/en\/wp-json\/wp\/v2\/categories?post=3585"},{"taxonomy":"post_tag","embeddable":true,"href":"https:\/\/www.fz-rauenspurg.de\/en\/wp-json\/wp\/v2\/tags?post=3585"}],"curies":[{"name":"wp","href":"https:\/\/api.w.org\/{rel}","templated":true}]}}