{"id":1553,"date":"2017-07-08T09:57:47","date_gmt":"2017-07-08T08:57:47","guid":{"rendered":"http:\/\/www.fz-rauenspurg.de\/?p=1553"},"modified":"2018-04-02T11:06:59","modified_gmt":"2018-04-02T10:06:59","slug":"kinderfest-in-weissenau","status":"publish","type":"post","link":"https:\/\/www.fz-rauenspurg.de\/en\/kinderfest-in-weissenau\/","title":{"rendered":"Kinderfest in Wei\u00dfenau"},"content":{"rendered":"<p>Viele Gr\u00fc\u00dfe an diesem wundersch\u00f6nen Wochenende vom Kinderfest in Weissenau. Vielleicht sieht man den ein oder anderen von euch noch bevor es heute Mittag nach Ebersberg geht!<\/p>\n<figure id=\"attachment_1784\" aria-describedby=\"caption-attachment-1784\" style=\"width: 960px\" class=\"wp-caption alignnone\"><a href=\"https:\/\/www.facebook.com\/fanfarenzug.rauenspurg.e.v\/photos\/a.307442649302618.73290.208531825860368\/1469448296435375\/?type=3&amp;theater\"><img data-recalc-dims=\"1\" fetchpriority=\"high\" decoding=\"async\" class=\"wp-image-1784 size-full\" src=\"https:\/\/i0.wp.com\/www.fz-rauenspurg.de\/wp-content\/uploads\/2017\/07\/19756366_1469448296435375_7511249937621966495_n.jpg?resize=960%2C720\" alt=\"\" width=\"960\" height=\"720\" srcset=\"https:\/\/i0.wp.com\/www.fz-rauenspurg.de\/wp-content\/uploads\/2017\/07\/19756366_1469448296435375_7511249937621966495_n.jpg?w=960&amp;ssl=1 960w, https:\/\/i0.wp.com\/www.fz-rauenspurg.de\/wp-content\/uploads\/2017\/07\/19756366_1469448296435375_7511249937621966495_n.jpg?resize=300%2C225&amp;ssl=1 300w, https:\/\/i0.wp.com\/www.fz-rauenspurg.de\/wp-content\/uploads\/2017\/07\/19756366_1469448296435375_7511249937621966495_n.jpg?resize=768%2C576&amp;ssl=1 768w\" sizes=\"(max-width: 960px) 100vw, 960px\" \/><\/a><figcaption id=\"caption-attachment-1784\" class=\"wp-caption-text\">Kinderfest Weissenau, sch\u00f6ne Adresse bei unserem langj\u00e4hrigen G\u00f6nner Anton Probst. Wir freuen uns heute Abend auf eine sch\u00f6ne Ausfahrt zum Weinfest in Ebersberg.<\/figcaption><\/figure>\n<p>&nbsp;<\/p>","protected":false},"excerpt":{"rendered":"<p>Viele Gr\u00fc\u00dfe an diesem wundersch\u00f6nen Wochenende vom Kinderfest in Weissenau. Vielleicht sieht man den ein oder anderen von euch noch bevor es heute Mittag nach Ebersberg geht! &nbsp;<\/p>","protected":false},"author":5,"featured_media":1552,"comment_status":"closed","ping_status":"open","sticky":false,"template":"","format":"standard","meta":{"_jetpack_newsletter_access":"","_jetpack_dont_email_post_to_subs":false,"_jetpack_newsletter_tier_id":0,"_jetpack_memberships_contains_paywalled_content":false,"_jetpack_memberships_contains_paid_content":false,"footnotes":""},"categories":[1],"tags":[],"class_list":["post-1553","post","type-post","status-publish","format-standard","has-post-thumbnail","hentry","category-allgemein"],"blocksy_meta":{"styles_descriptor":{"styles":{"desktop":"","tablet":"","mobile":""},"google_fonts":[],"version":7}},"featured_image_urls_v2":{"full":["https:\/\/i0.wp.com\/www.fz-rauenspurg.de\/wp-content\/uploads\/2017\/07\/106dfecb-51fe-4ad9-9af6-f4e4d7b88c7e-1.jpg?fit=4032%2C3024&ssl=1",4032,3024,false],"thumbnail":["https:\/\/i0.wp.com\/www.fz-rauenspurg.de\/wp-content\/uploads\/2017\/07\/106dfecb-51fe-4ad9-9af6-f4e4d7b88c7e-1.jpg?resize=150%2C150&ssl=1",150,150,true],"medium":["https:\/\/i0.wp.com\/www.fz-rauenspurg.de\/wp-content\/uploads\/2017\/07\/106dfecb-51fe-4ad9-9af6-f4e4d7b88c7e-1.jpg?fit=300%2C225&ssl=1",300,225,true],"medium_large":["https:\/\/i0.wp.com\/www.fz-rauenspurg.de\/wp-content\/uploads\/2017\/07\/106dfecb-51fe-4ad9-9af6-f4e4d7b88c7e-1.jpg?fit=768%2C576&ssl=1",768,576,true],"large":["https:\/\/i0.wp.com\/www.fz-rauenspurg.de\/wp-content\/uploads\/2017\/07\/106dfecb-51fe-4ad9-9af6-f4e4d7b88c7e-1.jpg?fit=1024%2C768&ssl=1",1024,768,true],"1536x1536":["https:\/\/i0.wp.com\/www.fz-rauenspurg.de\/wp-content\/uploads\/2017\/07\/106dfecb-51fe-4ad9-9af6-f4e4d7b88c7e-1.jpg?fit=1536%2C1152&ssl=1",1536,1152,true],"2048x2048":["https:\/\/i0.wp.com\/www.fz-rauenspurg.de\/wp-content\/uploads\/2017\/07\/106dfecb-51fe-4ad9-9af6-f4e4d7b88c7e-1.jpg?fit=2048%2C1536&ssl=1",2048,1536,true],"trp-custom-language-flag":["https:\/\/i0.wp.com\/www.fz-rauenspurg.de\/wp-content\/uploads\/2017\/07\/106dfecb-51fe-4ad9-9af6-f4e4d7b88c7e-1.jpg?fit=16%2C12&ssl=1",16,12,true],"sow-carousel-default":["https:\/\/i0.wp.com\/www.fz-rauenspurg.de\/wp-content\/uploads\/2017\/07\/106dfecb-51fe-4ad9-9af6-f4e4d7b88c7e-1.jpg?resize=272%2C182&ssl=1",272,182,true]},"post_excerpt_stackable_v2":"<p>Viele Gr\u00fc\u00dfe an diesem wundersch\u00f6nen Wochenende vom Kinderfest in Weissenau. Vielleicht sieht man den ein oder anderen von euch noch bevor es heute Mittag nach Ebersberg geht! Kinderfest Weissenau, sch\u00f6ne Adresse bei unserem langj\u00e4hrigen G\u00f6nner Anton Probst. Wir freuen uns heute Abend auf eine sch\u00f6ne Ausfahrt zum Weinfest in Ebersberg. &nbsp;<\/p>\n","category_list_v2":"<a href=\"https:\/\/www.fz-rauenspurg.de\/en\/allgemein\/\" rel=\"category tag\">Allgemein<\/a>","author_info_v2":{"name":"Sebastian","url":"https:\/\/www.fz-rauenspurg.de\/en\/author\/sebastianelmas\/"},"comments_num_v2":"0 comments","yoast_head":"<!-- This site is optimized with the Yoast SEO plugin v28.3 - https:\/\/yoast.com\/product\/yoast-seo-wordpress\/ -->\n<title>Kinderfest in Wei\u00dfenau &#8226; Fanfarenzug Rauenspurg e.V.<\/title>\n<meta name=\"robots\" content=\"noindex, follow\" \/>\n<meta property=\"og:locale\" content=\"en_US\" \/>\n<meta property=\"og:type\" content=\"article\" \/>\n<meta property=\"og:title\" content=\"Kinderfest in Wei\u00dfenau &#8226; Fanfarenzug Rauenspurg e.V.\" \/>\n<meta property=\"og:description\" content=\"Viele Gr\u00fc\u00dfe an diesem wundersch\u00f6nen Wochenende vom Kinderfest in Weissenau. Vielleicht sieht man den ein oder anderen von euch noch bevor es heute Mittag nach Ebersberg geht! &nbsp;\" \/>\n<meta property=\"og:url\" content=\"https:\/\/www.fz-rauenspurg.de\/en\/kinderfest-in-weissenau\/\" \/>\n<meta property=\"og:site_name\" content=\"Fanfarenzug Rauenspurg e.V.\" \/>\n<meta property=\"article:publisher\" content=\"http:\/\/www.facebook.com\/fanfarenzug.rauenspurg.e.v.\" \/>\n<meta property=\"article:published_time\" content=\"2017-07-08T08:57:47+00:00\" \/>\n<meta property=\"article:modified_time\" content=\"2018-04-02T10:06:59+00:00\" \/>\n<meta property=\"og:image\" content=\"https:\/\/i0.wp.com\/www.fz-rauenspurg.de\/wp-content\/uploads\/2017\/07\/106dfecb-51fe-4ad9-9af6-f4e4d7b88c7e-1.jpg?fit=4032%2C3024&ssl=1\" \/>\n\t<meta property=\"og:image:width\" content=\"4032\" \/>\n\t<meta property=\"og:image:height\" content=\"3024\" \/>\n\t<meta property=\"og:image:type\" content=\"image\/jpeg\" \/>\n<meta name=\"author\" content=\"Sebastian\" \/>\n<meta name=\"twitter:card\" content=\"summary_large_image\" \/>\n<meta name=\"twitter:creator\" content=\"@rauenspurg\" \/>\n<meta name=\"twitter:site\" content=\"@rauenspurg\" \/>\n<meta name=\"twitter:label1\" content=\"Written by\" \/>\n\t<meta name=\"twitter:data1\" content=\"Sebastian\" \/>\n<script type=\"application\/ld+json\" class=\"yoast-schema-graph\">{\"@context\":\"https:\\\/\\\/schema.org\",\"@graph\":[{\"@type\":\"Article\",\"@id\":\"https:\\\/\\\/www.fz-rauenspurg.de\\\/kinderfest-in-weissenau\\\/#article\",\"isPartOf\":{\"@id\":\"https:\\\/\\\/www.fz-rauenspurg.de\\\/kinderfest-in-weissenau\\\/\"},\"author\":{\"name\":\"Sebastian\",\"@id\":\"https:\\\/\\\/www.fz-rauenspurg.de\\\/#\\\/schema\\\/person\\\/94ec0a4aa38d7f562c018a14d3b812ca\"},\"headline\":\"Kinderfest in Wei\u00dfenau\",\"datePublished\":\"2017-07-08T08:57:47+00:00\",\"dateModified\":\"2018-04-02T10:06:59+00:00\",\"mainEntityOfPage\":{\"@id\":\"https:\\\/\\\/www.fz-rauenspurg.de\\\/kinderfest-in-weissenau\\\/\"},\"wordCount\":68,\"publisher\":{\"@id\":\"https:\\\/\\\/www.fz-rauenspurg.de\\\/#organization\"},\"image\":{\"@id\":\"https:\\\/\\\/www.fz-rauenspurg.de\\\/kinderfest-in-weissenau\\\/#primaryimage\"},\"thumbnailUrl\":\"https:\\\/\\\/i0.wp.com\\\/www.fz-rauenspurg.de\\\/wp-content\\\/uploads\\\/2017\\\/07\\\/106dfecb-51fe-4ad9-9af6-f4e4d7b88c7e-1.jpg?fit=4032%2C3024&ssl=1\",\"articleSection\":[\"Allgemein\"],\"inLanguage\":\"en-US\"},{\"@type\":\"WebPage\",\"@id\":\"https:\\\/\\\/www.fz-rauenspurg.de\\\/kinderfest-in-weissenau\\\/\",\"url\":\"https:\\\/\\\/www.fz-rauenspurg.de\\\/kinderfest-in-weissenau\\\/\",\"name\":\"Kinderfest in Wei\u00dfenau &#8226; Fanfarenzug Rauenspurg e.V.\",\"isPartOf\":{\"@id\":\"https:\\\/\\\/www.fz-rauenspurg.de\\\/#website\"},\"primaryImageOfPage\":{\"@id\":\"https:\\\/\\\/www.fz-rauenspurg.de\\\/kinderfest-in-weissenau\\\/#primaryimage\"},\"image\":{\"@id\":\"https:\\\/\\\/www.fz-rauenspurg.de\\\/kinderfest-in-weissenau\\\/#primaryimage\"},\"thumbnailUrl\":\"https:\\\/\\\/i0.wp.com\\\/www.fz-rauenspurg.de\\\/wp-content\\\/uploads\\\/2017\\\/07\\\/106dfecb-51fe-4ad9-9af6-f4e4d7b88c7e-1.jpg?fit=4032%2C3024&ssl=1\",\"datePublished\":\"2017-07-08T08:57:47+00:00\",\"dateModified\":\"2018-04-02T10:06:59+00:00\",\"breadcrumb\":{\"@id\":\"https:\\\/\\\/www.fz-rauenspurg.de\\\/kinderfest-in-weissenau\\\/#breadcrumb\"},\"inLanguage\":\"en-US\",\"potentialAction\":[{\"@type\":\"ReadAction\",\"target\":[\"https:\\\/\\\/www.fz-rauenspurg.de\\\/kinderfest-in-weissenau\\\/\"]}]},{\"@type\":\"ImageObject\",\"inLanguage\":\"en-US\",\"@id\":\"https:\\\/\\\/www.fz-rauenspurg.de\\\/kinderfest-in-weissenau\\\/#primaryimage\",\"url\":\"https:\\\/\\\/i0.wp.com\\\/www.fz-rauenspurg.de\\\/wp-content\\\/uploads\\\/2017\\\/07\\\/106dfecb-51fe-4ad9-9af6-f4e4d7b88c7e-1.jpg?fit=4032%2C3024&ssl=1\",\"contentUrl\":\"https:\\\/\\\/i0.wp.com\\\/www.fz-rauenspurg.de\\\/wp-content\\\/uploads\\\/2017\\\/07\\\/106dfecb-51fe-4ad9-9af6-f4e4d7b88c7e-1.jpg?fit=4032%2C3024&ssl=1\",\"width\":4032,\"height\":3024},{\"@type\":\"BreadcrumbList\",\"@id\":\"https:\\\/\\\/www.fz-rauenspurg.de\\\/kinderfest-in-weissenau\\\/#breadcrumb\",\"itemListElement\":[{\"@type\":\"ListItem\",\"position\":1,\"name\":\"Startseite\",\"item\":\"https:\\\/\\\/www.fz-rauenspurg.de\\\/\"},{\"@type\":\"ListItem\",\"position\":2,\"name\":\"Kinderfest in Wei\u00dfenau\"}]},{\"@type\":\"WebSite\",\"@id\":\"https:\\\/\\\/www.fz-rauenspurg.de\\\/#website\",\"url\":\"https:\\\/\\\/www.fz-rauenspurg.de\\\/\",\"name\":\"Fanfarenzug Rauenspurg e.V.\",\"description\":\"der Stadt Ravensburg\",\"publisher\":{\"@id\":\"https:\\\/\\\/www.fz-rauenspurg.de\\\/#organization\"},\"potentialAction\":[{\"@type\":\"SearchAction\",\"target\":{\"@type\":\"EntryPoint\",\"urlTemplate\":\"https:\\\/\\\/www.fz-rauenspurg.de\\\/?s={search_term_string}\"},\"query-input\":{\"@type\":\"PropertyValueSpecification\",\"valueRequired\":true,\"valueName\":\"search_term_string\"}}],\"inLanguage\":\"en-US\"},{\"@type\":\"Organization\",\"@id\":\"https:\\\/\\\/www.fz-rauenspurg.de\\\/#organization\",\"name\":\"Fanfarenzug Rauenspurg e.V. der Stadt Ravensburg\",\"url\":\"https:\\\/\\\/www.fz-rauenspurg.de\\\/\",\"logo\":{\"@type\":\"ImageObject\",\"inLanguage\":\"en-US\",\"@id\":\"https:\\\/\\\/www.fz-rauenspurg.de\\\/#\\\/schema\\\/logo\\\/image\\\/\",\"url\":\"https:\\\/\\\/i0.wp.com\\\/www.fz-rauenspurg.de\\\/wp-content\\\/uploads\\\/cropped-20190515_FZR_Logo-Neu-7.png?fit=4167%2C4167&ssl=1\",\"contentUrl\":\"https:\\\/\\\/i0.wp.com\\\/www.fz-rauenspurg.de\\\/wp-content\\\/uploads\\\/cropped-20190515_FZR_Logo-Neu-7.png?fit=4167%2C4167&ssl=1\",\"width\":4167,\"height\":4167,\"caption\":\"Fanfarenzug Rauenspurg e.V. der Stadt Ravensburg\"},\"image\":{\"@id\":\"https:\\\/\\\/www.fz-rauenspurg.de\\\/#\\\/schema\\\/logo\\\/image\\\/\"},\"sameAs\":[\"http:\\\/\\\/www.facebook.com\\\/fanfarenzug.rauenspurg.e.v.\",\"https:\\\/\\\/x.com\\\/rauenspurg\",\"https:\\\/\\\/www.instagram.com\\\/fanfarenzug.rauenspurg\\\/\",\"https:\\\/\\\/open.spotify.com\\\/artist\\\/1T9nl7w34CIHZa2hI57Il3?si=Wg7bL2dAQYuxixd4g4dTtQ\"]},{\"@type\":\"Person\",\"@id\":\"https:\\\/\\\/www.fz-rauenspurg.de\\\/#\\\/schema\\\/person\\\/94ec0a4aa38d7f562c018a14d3b812ca\",\"name\":\"Sebastian\",\"image\":{\"@type\":\"ImageObject\",\"inLanguage\":\"en-US\",\"@id\":\"https:\\\/\\\/secure.gravatar.com\\\/avatar\\\/b21d98454f5c5702130983f73916674dd191e4403fff3418c73a8fa6f8e22677?s=96&d=mm&r=g\",\"url\":\"https:\\\/\\\/secure.gravatar.com\\\/avatar\\\/b21d98454f5c5702130983f73916674dd191e4403fff3418c73a8fa6f8e22677?s=96&d=mm&r=g\",\"contentUrl\":\"https:\\\/\\\/secure.gravatar.com\\\/avatar\\\/b21d98454f5c5702130983f73916674dd191e4403fff3418c73a8fa6f8e22677?s=96&d=mm&r=g\",\"caption\":\"Sebastian\"}}]}<\/script>\n<!-- \/ Yoast SEO plugin. -->","yoast_head_json":{"title":"Kinderfest in Wei\u00dfenau &#8226; Fanfarenzug Rauenspurg e.V.","robots":{"index":"noindex","follow":"follow"},"og_locale":"en_US","og_type":"article","og_title":"Kinderfest in Wei\u00dfenau &#8226; Fanfarenzug Rauenspurg e.V.","og_description":"Viele Gr\u00fc\u00dfe an diesem wundersch\u00f6nen Wochenende vom Kinderfest in Weissenau. Vielleicht sieht man den ein oder anderen von euch noch bevor es heute Mittag nach Ebersberg geht! &nbsp;","og_url":"https:\/\/www.fz-rauenspurg.de\/en\/kinderfest-in-weissenau\/","og_site_name":"Fanfarenzug Rauenspurg e.V.","article_publisher":"http:\/\/www.facebook.com\/fanfarenzug.rauenspurg.e.v.","article_published_time":"2017-07-08T08:57:47+00:00","article_modified_time":"2018-04-02T10:06:59+00:00","og_image":[{"width":4032,"height":3024,"url":"https:\/\/i0.wp.com\/www.fz-rauenspurg.de\/wp-content\/uploads\/2017\/07\/106dfecb-51fe-4ad9-9af6-f4e4d7b88c7e-1.jpg?fit=4032%2C3024&ssl=1","type":"image\/jpeg"}],"author":"Sebastian","twitter_card":"summary_large_image","twitter_creator":"@rauenspurg","twitter_site":"@rauenspurg","twitter_misc":{"Written by":"Sebastian"},"schema":{"@context":"https:\/\/schema.org","@graph":[{"@type":"Article","@id":"https:\/\/www.fz-rauenspurg.de\/kinderfest-in-weissenau\/#article","isPartOf":{"@id":"https:\/\/www.fz-rauenspurg.de\/kinderfest-in-weissenau\/"},"author":{"name":"Sebastian","@id":"https:\/\/www.fz-rauenspurg.de\/#\/schema\/person\/94ec0a4aa38d7f562c018a14d3b812ca"},"headline":"Kinderfest in Wei\u00dfenau","datePublished":"2017-07-08T08:57:47+00:00","dateModified":"2018-04-02T10:06:59+00:00","mainEntityOfPage":{"@id":"https:\/\/www.fz-rauenspurg.de\/kinderfest-in-weissenau\/"},"wordCount":68,"publisher":{"@id":"https:\/\/www.fz-rauenspurg.de\/#organization"},"image":{"@id":"https:\/\/www.fz-rauenspurg.de\/kinderfest-in-weissenau\/#primaryimage"},"thumbnailUrl":"https:\/\/i0.wp.com\/www.fz-rauenspurg.de\/wp-content\/uploads\/2017\/07\/106dfecb-51fe-4ad9-9af6-f4e4d7b88c7e-1.jpg?fit=4032%2C3024&ssl=1","articleSection":["Allgemein"],"inLanguage":"en-US"},{"@type":"WebPage","@id":"https:\/\/www.fz-rauenspurg.de\/kinderfest-in-weissenau\/","url":"https:\/\/www.fz-rauenspurg.de\/kinderfest-in-weissenau\/","name":"Kinderfest in Wei\u00dfenau &#8226; Fanfarenzug Rauenspurg e.V.","isPartOf":{"@id":"https:\/\/www.fz-rauenspurg.de\/#website"},"primaryImageOfPage":{"@id":"https:\/\/www.fz-rauenspurg.de\/kinderfest-in-weissenau\/#primaryimage"},"image":{"@id":"https:\/\/www.fz-rauenspurg.de\/kinderfest-in-weissenau\/#primaryimage"},"thumbnailUrl":"https:\/\/i0.wp.com\/www.fz-rauenspurg.de\/wp-content\/uploads\/2017\/07\/106dfecb-51fe-4ad9-9af6-f4e4d7b88c7e-1.jpg?fit=4032%2C3024&ssl=1","datePublished":"2017-07-08T08:57:47+00:00","dateModified":"2018-04-02T10:06:59+00:00","breadcrumb":{"@id":"https:\/\/www.fz-rauenspurg.de\/kinderfest-in-weissenau\/#breadcrumb"},"inLanguage":"en-US","potentialAction":[{"@type":"ReadAction","target":["https:\/\/www.fz-rauenspurg.de\/kinderfest-in-weissenau\/"]}]},{"@type":"ImageObject","inLanguage":"en-US","@id":"https:\/\/www.fz-rauenspurg.de\/kinderfest-in-weissenau\/#primaryimage","url":"https:\/\/i0.wp.com\/www.fz-rauenspurg.de\/wp-content\/uploads\/2017\/07\/106dfecb-51fe-4ad9-9af6-f4e4d7b88c7e-1.jpg?fit=4032%2C3024&ssl=1","contentUrl":"https:\/\/i0.wp.com\/www.fz-rauenspurg.de\/wp-content\/uploads\/2017\/07\/106dfecb-51fe-4ad9-9af6-f4e4d7b88c7e-1.jpg?fit=4032%2C3024&ssl=1","width":4032,"height":3024},{"@type":"BreadcrumbList","@id":"https:\/\/www.fz-rauenspurg.de\/kinderfest-in-weissenau\/#breadcrumb","itemListElement":[{"@type":"ListItem","position":1,"name":"Startseite","item":"https:\/\/www.fz-rauenspurg.de\/"},{"@type":"ListItem","position":2,"name":"Kinderfest in Wei\u00dfenau"}]},{"@type":"WebSite","@id":"https:\/\/www.fz-rauenspurg.de\/#website","url":"https:\/\/www.fz-rauenspurg.de\/","name":"Fanfarenzug Rauenspurg e.V.","description":"der Stadt Ravensburg","publisher":{"@id":"https:\/\/www.fz-rauenspurg.de\/#organization"},"potentialAction":[{"@type":"SearchAction","target":{"@type":"EntryPoint","urlTemplate":"https:\/\/www.fz-rauenspurg.de\/?s={search_term_string}"},"query-input":{"@type":"PropertyValueSpecification","valueRequired":true,"valueName":"search_term_string"}}],"inLanguage":"en-US"},{"@type":"Organization","@id":"https:\/\/www.fz-rauenspurg.de\/#organization","name":"Fanfarenzug Rauenspurg e.V. der Stadt Ravensburg","url":"https:\/\/www.fz-rauenspurg.de\/","logo":{"@type":"ImageObject","inLanguage":"en-US","@id":"https:\/\/www.fz-rauenspurg.de\/#\/schema\/logo\/image\/","url":"https:\/\/i0.wp.com\/www.fz-rauenspurg.de\/wp-content\/uploads\/cropped-20190515_FZR_Logo-Neu-7.png?fit=4167%2C4167&ssl=1","contentUrl":"https:\/\/i0.wp.com\/www.fz-rauenspurg.de\/wp-content\/uploads\/cropped-20190515_FZR_Logo-Neu-7.png?fit=4167%2C4167&ssl=1","width":4167,"height":4167,"caption":"Fanfarenzug Rauenspurg e.V. der Stadt Ravensburg"},"image":{"@id":"https:\/\/www.fz-rauenspurg.de\/#\/schema\/logo\/image\/"},"sameAs":["http:\/\/www.facebook.com\/fanfarenzug.rauenspurg.e.v.","https:\/\/x.com\/rauenspurg","https:\/\/www.instagram.com\/fanfarenzug.rauenspurg\/","https:\/\/open.spotify.com\/artist\/1T9nl7w34CIHZa2hI57Il3?si=Wg7bL2dAQYuxixd4g4dTtQ"]},{"@type":"Person","@id":"https:\/\/www.fz-rauenspurg.de\/#\/schema\/person\/94ec0a4aa38d7f562c018a14d3b812ca","name":"Sebastian","image":{"@type":"ImageObject","inLanguage":"en-US","@id":"https:\/\/secure.gravatar.com\/avatar\/b21d98454f5c5702130983f73916674dd191e4403fff3418c73a8fa6f8e22677?s=96&d=mm&r=g","url":"https:\/\/secure.gravatar.com\/avatar\/b21d98454f5c5702130983f73916674dd191e4403fff3418c73a8fa6f8e22677?s=96&d=mm&r=g","contentUrl":"https:\/\/secure.gravatar.com\/avatar\/b21d98454f5c5702130983f73916674dd191e4403fff3418c73a8fa6f8e22677?s=96&d=mm&r=g","caption":"Sebastian"}}]}},"jetpack_sharing_enabled":true,"jetpack_shortlink":"https:\/\/wp.me\/p7EInt-p3","jetpack_featured_media_url":"https:\/\/i0.wp.com\/www.fz-rauenspurg.de\/wp-content\/uploads\/2017\/07\/106dfecb-51fe-4ad9-9af6-f4e4d7b88c7e-1.jpg?fit=4032%2C3024&ssl=1","_links":{"self":[{"href":"https:\/\/www.fz-rauenspurg.de\/en\/wp-json\/wp\/v2\/posts\/1553","targetHints":{"allow":["GET"]}}],"collection":[{"href":"https:\/\/www.fz-rauenspurg.de\/en\/wp-json\/wp\/v2\/posts"}],"about":[{"href":"https:\/\/www.fz-rauenspurg.de\/en\/wp-json\/wp\/v2\/types\/post"}],"author":[{"embeddable":true,"href":"https:\/\/www.fz-rauenspurg.de\/en\/wp-json\/wp\/v2\/users\/5"}],"replies":[{"embeddable":true,"href":"https:\/\/www.fz-rauenspurg.de\/en\/wp-json\/wp\/v2\/comments?post=1553"}],"version-history":[{"count":5,"href":"https:\/\/www.fz-rauenspurg.de\/en\/wp-json\/wp\/v2\/posts\/1553\/revisions"}],"predecessor-version":[{"id":1787,"href":"https:\/\/www.fz-rauenspurg.de\/en\/wp-json\/wp\/v2\/posts\/1553\/revisions\/1787"}],"wp:featuredmedia":[{"embeddable":true,"href":"https:\/\/www.fz-rauenspurg.de\/en\/wp-json\/wp\/v2\/media\/1552"}],"wp:attachment":[{"href":"https:\/\/www.fz-rauenspurg.de\/en\/wp-json\/wp\/v2\/media?parent=1553"}],"wp:term":[{"taxonomy":"category","embeddable":true,"href":"https:\/\/www.fz-rauenspurg.de\/en\/wp-json\/wp\/v2\/categories?post=1553"},{"taxonomy":"post_tag","embeddable":true,"href":"https:\/\/www.fz-rauenspurg.de\/en\/wp-json\/wp\/v2\/tags?post=1553"}],"curies":[{"name":"wp","href":"https:\/\/api.w.org\/{rel}","templated":true}]}}